{"id":19492,"date":"2014-04-22T12:49:01","date_gmt":"2014-04-22T17:49:01","guid":{"rendered":"http:\/\/www.ambiente.gob.ec\/?p=19492"},"modified":"2014-04-22T12:49:01","modified_gmt":"2014-04-22T17:49:01","slug":"mae-fortalece-relaciones-en-la-cuenca-del-rio-jubones-a-traves-del-proyecto-foreccsa","status":"publish","type":"post","link":"https:\/\/www.ambienteyenergia.gob.ec\/ambiente\/mae-fortalece-relaciones-en-la-cuenca-del-rio-jubones-a-traves-del-proyecto-foreccsa\/","title":{"rendered":"MAE fortalece relaciones en la cuenca del r\u00edo Jubones a trav\u00e9s del proyecto FORECCSA"},"content":{"rendered":"<p style=\"text-align: justify;\">El Ministerio del Ambiente del Ecuador (MAE) a trav\u00e9s de la Subsecretar\u00eda de Cambio Clim\u00e1tico y su proyecto de Fortalecimiento de la resiliencia de las comunidades ante los efectos adversos del cambio clim\u00e1tico con \u00e9nfasis en seguridad alimentaria y g\u00e9nero en la provincia de Pichincha y la cuenca del r\u00edo Jubones (FORECCSA), el cual se ejecuta conjuntamente con el Programa Mundial de Alimentos, Ministerio de Agricultura, el Consorcio de la Cuenca del Jubones y el Gobierno de la Provincia de Pichincha, desarroll\u00f3 durante la semana del 7 al 12 de abril, una visita a los alcaldes electos de varias parroquias de la provincia de Azuay con la finalidad de socializar sobre la implementaci\u00f3n de medidas de adaptaci\u00f3n al cambio clim\u00e1tico.<\/p>\n<p style=\"text-align: justify;\">\nLa intenci\u00f3n de esta visita, fue dar a conocer los detalles de los an\u00e1lisis de vulnerabilidad, planes y medidas de adaptaci\u00f3n al cambio clim\u00e1tico que se implementar\u00e1n con financiamiento de FORECCSA. El proyecto trabaja en la generaci\u00f3n de medidas desde noviembre del 2013 en 39 parroquias de la cuenca del r\u00edo Jubones, entre ellas Las Nieves, Chumbl\u00edn, San Gerardo y Shagli. As\u00ed tambi\u00e9n, se busc\u00f3 fortalecer las relaciones con las nuevas autoridades de estas parroquias.<\/p>\n<p style=\"text-align: justify;\">\nUna vez que las medidas se implementen en las citadas parroquias, 400 familias ubicadas en las comunidades de m\u00e1s alta vulnerabilidad al cambio clim\u00e1tico, y que actualmente enfrentan una situaci\u00f3n cr\u00edtica al respecto del acceso, disponibilidad y consumo de alimentos sanos ser\u00e1n beneficiadas.<\/p>\n<p style=\"text-align: justify;\">\n<strong>El dato<\/strong><\/p>\n<p style=\"text-align: justify;\">Las medidas de adaptaci\u00f3n que promueve el proyecto FORECCSA est\u00e1n alineadas con los sectores prioritarios para la adaptaci\u00f3n propuestos en la Estrategia Nacional de Cambio Clim\u00e1tico (ENCC) del MAE como soberan\u00eda alimentaria, agricultura, ganader\u00eda, acuacultura y pesca; uso del suelo, cambio de uso del suelo y silvicultura.<\/p>\n<p>De igual manera, el proyecto aportar\u00e1 a la l\u00ednea estrat\u00e9gica de adaptaci\u00f3n al cambio clim\u00e1tico que tiene como finalidad reducir la vulnerabilidad social, econ\u00f3mica y ambiental frente a los impactos del cambio clim\u00e1tico. Esta l\u00ednea responde al objetivo de \u201cImplementar medidas que garanticen la soberan\u00eda alimentaria frente a los impactos del cambio clim\u00e1tico.\u201d<\/p>\n","protected":false},"excerpt":{"rendered":"<p class=\"excerpt\">El Ministerio del Ambiente del Ecuador (MAE) a trav\u00e9s de la Subsecretar\u00eda de Cambio Clim\u00e1tico y su proyecto de Fortalecimiento de la resiliencia de las comunidades ante los efectos adversos del cambio clim\u00e1tico con \u00e9nfasis en seguridad alimentaria y g\u00e9nero en la provincia de Pichincha y la cuenca del r\u00edo Jubones (FORECCSA), el cual se ejecuta conjuntamente con el Programa&hellip; <a href=\"https:\/\/www.ambienteyenergia.gob.ec\/ambiente\/mae-fortalece-relaciones-en-la-cuenca-del-rio-jubones-a-traves-del-proyecto-foreccsa\/\">Read more &rarr;<\/a><\/p>\n","protected":false},"author":13,"featured_media":19493,"comment_status":"open","ping_status":"open","sticky":false,"template":"","format":"standard","meta":{"footnotes":""},"categories":[16,4],"tags":[],"class_list":["post-19492","post","type-post","status-publish","format-standard","has-post-thumbnail","hentry","category-comunicamos","category-noticias","xfolkentry"],"_links":{"self":[{"href":"https:\/\/www.ambienteyenergia.gob.ec\/ambiente\/wp-json\/wp\/v2\/posts\/19492","targetHints":{"allow":["GET"]}}],"collection":[{"href":"https:\/\/www.ambienteyenergia.gob.ec\/ambiente\/wp-json\/wp\/v2\/posts"}],"about":[{"href":"https:\/\/www.ambienteyenergia.gob.ec\/ambiente\/wp-json\/wp\/v2\/types\/post"}],"author":[{"embeddable":true,"href":"https:\/\/www.ambienteyenergia.gob.ec\/ambiente\/wp-json\/wp\/v2\/users\/13"}],"replies":[{"embeddable":true,"href":"https:\/\/www.ambienteyenergia.gob.ec\/ambiente\/wp-json\/wp\/v2\/comments?post=19492"}],"version-history":[{"count":0,"href":"https:\/\/www.ambienteyenergia.gob.ec\/ambiente\/wp-json\/wp\/v2\/posts\/19492\/revisions"}],"wp:featuredmedia":[{"embeddable":true,"href":"https:\/\/www.ambienteyenergia.gob.ec\/ambiente\/wp-json\/wp\/v2\/media\/19493"}],"wp:attachment":[{"href":"https:\/\/www.ambienteyenergia.gob.ec\/ambiente\/wp-json\/wp\/v2\/media?parent=19492"}],"wp:term":[{"taxonomy":"category","embeddable":true,"href":"https:\/\/www.ambienteyenergia.gob.ec\/ambiente\/wp-json\/wp\/v2\/categories?post=19492"},{"taxonomy":"post_tag","embeddable":true,"href":"https:\/\/www.ambienteyenergia.gob.ec\/ambiente\/wp-json\/wp\/v2\/tags?post=19492"}],"curies":[{"name":"wp","href":"https:\/\/api.w.org\/{rel}","templated":true}]}}