{"id":19485,"date":"2014-04-22T10:26:31","date_gmt":"2014-04-22T15:26:31","guid":{"rendered":"http:\/\/www.ambiente.gob.ec\/?p=19485"},"modified":"2014-04-22T10:26:58","modified_gmt":"2014-04-22T15:26:58","slug":"mae-trabaja-en-procesos-de-adjudicacion-de-tierras-en-manabi","status":"publish","type":"post","link":"https:\/\/www.ambienteyenergia.gob.ec\/ambiente\/mae-trabaja-en-procesos-de-adjudicacion-de-tierras-en-manabi\/","title":{"rendered":"MAE trabaja en procesos de adjudicaci\u00f3n  de tierras en Manab\u00ed"},"content":{"rendered":"<p style=\"text-align: justify;\">Ayer, t\u00e9cnicos de la Direcci\u00f3n Provincial del Ambiente de Manab\u00ed atendieron la solicitud de moradores de la Parroquia Barraganete del cant\u00f3n Pichincha que llegaron hasta la dependencia Estatal para dialogar sobre el proceso de adjudicaci\u00f3n de tierras que se encuentran dentro del \u00e1rea de Bosque Protector Daule &#8211; Peripa.<\/p>\n<p style=\"text-align: justify;\">La medida se enmarca dentro de la estrategia para el desarrollo forestal sustentable, respecto a la valoraci\u00f3n de los bosques nativos, que se establece dentro del procedimiento para la adjudicaci\u00f3n de tierras de Patrimonio Forestal del Estado y bosques protectores p\u00fablicos a pueblos y nacionalidades ind\u00edgenas, negras, colonos y otros grupos sociales interesados.<\/p>\n<p style=\"text-align: justify;\">Para los pr\u00f3ximos d\u00edas se prev\u00e9 mantener una reuni\u00f3n en la Parroquia Barraganete, en donde los funcionarios del MAE firmar\u00e1n un acta de compromiso, para agilitar el proceso de adjudicaci\u00f3n de tierra, siempre y cuando los propietarios de los predios entreguen la documentaci\u00f3n requerida en forma completa a los t\u00e9cnicos del esta Cartera de Estado.<\/p>\n<p style=\"text-align: justify;\"><strong>Antecedentes<\/strong><\/p>\n<p style=\"text-align: justify;\">El pasado 18 de Agosto en un acto p\u00fablico en la parroquia Barraganete, se entregaron 80 escrituras a los propietarios de los predios ubicados en Mata de Cacao, Mata de Caf\u00e9, Estero Grande, Pescadillo, Estero Seco, El Estanco, La Betilla, Dos Esteros, Los Negros, Uni\u00f3n de San Jacinto, Estero Seco, El Mojin, Los Barbudos, Salazar, La Paloma, Las Minas y El Chispazo.<\/p>\n<p>&nbsp;<\/p>\n","protected":false},"excerpt":{"rendered":"<p class=\"excerpt\">Ayer, t\u00e9cnicos de la Direcci\u00f3n Provincial del Ambiente de Manab\u00ed atendieron la solicitud de moradores de la Parroquia Barraganete del cant\u00f3n Pichincha que llegaron hasta la dependencia Estatal para dialogar sobre el proceso de adjudicaci\u00f3n de tierras que se encuentran dentro del \u00e1rea de Bosque Protector Daule &#8211; Peripa. La medida se enmarca dentro de la estrategia para el desarrollo&hellip; <a href=\"https:\/\/www.ambienteyenergia.gob.ec\/ambiente\/mae-trabaja-en-procesos-de-adjudicacion-de-tierras-en-manabi\/\">Read more &rarr;<\/a><\/p>\n","protected":false},"author":13,"featured_media":19488,"comment_status":"open","ping_status":"open","sticky":false,"template":"","format":"standard","meta":{"footnotes":""},"categories":[16,4],"tags":[458,108,53,60,54],"class_list":["post-19485","post","type-post","status-publish","format-standard","has-post-thumbnail","hentry","category-comunicamos","category-noticias","tag-adjudicacion-de-tierras","tag-lorena-tapia","tag-mae","tag-manabi","tag-ministerio-del-ambiente","xfolkentry"],"_links":{"self":[{"href":"https:\/\/www.ambienteyenergia.gob.ec\/ambiente\/wp-json\/wp\/v2\/posts\/19485","targetHints":{"allow":["GET"]}}],"collection":[{"href":"https:\/\/www.ambienteyenergia.gob.ec\/ambiente\/wp-json\/wp\/v2\/posts"}],"about":[{"href":"https:\/\/www.ambienteyenergia.gob.ec\/ambiente\/wp-json\/wp\/v2\/types\/post"}],"author":[{"embeddable":true,"href":"https:\/\/www.ambienteyenergia.gob.ec\/ambiente\/wp-json\/wp\/v2\/users\/13"}],"replies":[{"embeddable":true,"href":"https:\/\/www.ambienteyenergia.gob.ec\/ambiente\/wp-json\/wp\/v2\/comments?post=19485"}],"version-history":[{"count":0,"href":"https:\/\/www.ambienteyenergia.gob.ec\/ambiente\/wp-json\/wp\/v2\/posts\/19485\/revisions"}],"wp:featuredmedia":[{"embeddable":true,"href":"https:\/\/www.ambienteyenergia.gob.ec\/ambiente\/wp-json\/wp\/v2\/media\/19488"}],"wp:attachment":[{"href":"https:\/\/www.ambienteyenergia.gob.ec\/ambiente\/wp-json\/wp\/v2\/media?parent=19485"}],"wp:term":[{"taxonomy":"category","embeddable":true,"href":"https:\/\/www.ambienteyenergia.gob.ec\/ambiente\/wp-json\/wp\/v2\/categories?post=19485"},{"taxonomy":"post_tag","embeddable":true,"href":"https:\/\/www.ambienteyenergia.gob.ec\/ambiente\/wp-json\/wp\/v2\/tags?post=19485"}],"curies":[{"name":"wp","href":"https:\/\/api.w.org\/{rel}","templated":true}]}}