{"id":19481,"date":"2014-04-22T09:43:10","date_gmt":"2014-04-22T14:43:10","guid":{"rendered":"http:\/\/www.ambiente.gob.ec\/?p=19481"},"modified":"2014-04-22T10:49:20","modified_gmt":"2014-04-22T15:49:20","slug":"22-de-abril-dia-internacional-de-la-madre-tierra","status":"publish","type":"post","link":"https:\/\/www.ambienteyenergia.gob.ec\/ambiente\/22-de-abril-dia-internacional-de-la-madre-tierra\/","title":{"rendered":"22 de abril, D\u00eda Internacional de la Madre Tierra"},"content":{"rendered":"<p style=\"text-align: justify;\">Hoy, como cada 22 de abril, se celebra el D\u00eda Internacional de la Madre Tierra con el objetivo de concienciar a la poblaci\u00f3n sobre la importancia de conservar los recursos naturales, promoviendo un equilibrio entre el ser humano y la naturaleza.<\/p>\n<p style=\"text-align: justify;\">Todos los a\u00f1os, la Organizaci\u00f3n de las Naciones Unidas (ONU) plantea un tema para trabajar desde diferentes frentes, este 2014 ser\u00e1 \u201cCiudades Verdes\u201d, el cual propone la utilizaci\u00f3n de energ\u00edas renovables y mecanismos m\u00e1s amigables con el ambiente como el ahorro de energ\u00eda y agua, reducci\u00f3n de residuos s\u00f3lidos y la implementaci\u00f3n de alternativas accesibles y saludables frente al transporte p\u00fablico, como usar bicicleta o caminar.<\/p>\n<p style=\"text-align: justify;\">Esta interesante iniciativa surge debido a la creciente poblaci\u00f3n urbana y sus m\u00faltiples \u00a0efectos sobre el ambiente como la contaminaci\u00f3n, la disminuci\u00f3n de espacios verdes y el incremento de la huella ecol\u00f3gica, entre otros.<\/p>\n<p style=\"text-align: justify;\">Si bien, esta campa\u00f1a tiene como prop\u00f3sito educar y sensibilizar a la poblaci\u00f3n para que act\u00fae con responsabilidad ambiental, ahorrando los recursos y ejecutando acciones m\u00e1s consientes, tambi\u00e9n promueve la construcci\u00f3n de ciudades sostenibles en las que los ciudadanos y autoridades trabajen juntos por un mejor planeta.<\/p>\n<p style=\"text-align: justify;\"><strong>Proyectos del MAE a favor de la Tierra<\/strong><\/p>\n<p style=\"text-align: justify;\">En ese sentido, el Ministerio del Ambiente del Ecuador (MAE) ejecuta diferentes acciones con el fin de que las personas reflexionen sobre el impacto que tienen en la tierra las actividades industriales de las ciudades y el consumo desmedido de recursos. Asimismo, busca construir m\u00e1s espacios verdes en las zonas urbanas.<\/p>\n<p style=\"text-align: justify;\">Un ejemplo de ello, es el <b>Proyecto Guayaquil Ecol\u00f3gico<\/b>, que actualmente abandera dos programas emblem\u00e1ticos entre ellos, Isla Santay, considerada el pulm\u00f3n de la ciudad, que es ahora un importante sitio tur\u00edstico, gracias a la diversidad de especies de flora y fauna que posee y a la organizaci\u00f3n de la comunidad, quienes a partir del apoyo brindado por el MAE trabajan principalmente en turismo sostenible.<\/p>\n<p style=\"text-align: justify;\">Como parte del mismo proyecto, tambi\u00e9n, se trabaja en la descontaminaci\u00f3n del Estero Salado desde diferentes frentes como la oxigenaci\u00f3n del agua, remediaci\u00f3n de vegetaci\u00f3n, plantaci\u00f3n de mangle y colocaci\u00f3n de nanominerales, as\u00ed como, en la gesti\u00f3n de residuos y descargas dom\u00e9sticas e industriales, para el posterior disfrute de todas y todos los guayaquile\u00f1os.<\/p>\n<p style=\"text-align: justify;\">De la misma forma, el<b> <\/b>MAE ha incorporado programas y proyectos de educaci\u00f3n con la intenci\u00f3n de formar una cultura ambiental comprometida, impartiendo buenas pr\u00e1cticas de conservaci\u00f3n y uso sostenible de los recursos naturales, procesos de interculturalidad y manejo de conflictos socioambientales. Parte de ello, es el<b> Proyecto de<\/b> <b>Educaci\u00f3n Ambiental Ciudadana \u201cSomos parte de la Soluci\u00f3n\u201d<\/b>, en el que se educan a ni\u00f1as y ni\u00f1os de todo el pa\u00eds en temas como buenas pr\u00e1cticas ambientales, reciclaje y manejo de residuos s\u00f3lidos. Hasta el momento, se ha capacitado a 1 440 ciudadanos y educado a 23 200 ni\u00f1os y ni\u00f1as.<\/p>\n<p style=\"text-align: justify;\">Finalmente, el proyecto\u00a0<b>Huella Ecol\u00f3gica <\/b>tiene como objetivo impulsar el consumo sustentable de recursos en el Ecuador, analizando la presi\u00f3n que los seres humanos generan sobre el ambiente, con base en\u00a0 los recursos naturales que utilizan para satisfacer sus patrones de consumo. Este indicador es una herramienta que manifiesta la importancia de consumir los recursos de forma sostenible y racional, a trav\u00e9s de la relaci\u00f3n arm\u00f3nica entre la naturaleza y el ser humano.<\/p>\n<p style=\"text-align: justify;\">El c\u00e1lculo de la Huella Ecol\u00f3gica Nacional, por ejemplo, es fundamental porque permitir\u00e1 introducir pol\u00edticas de protecci\u00f3n de la biocapacidad, adem\u00e1s de direccionar la planificaci\u00f3n del uso del suelo guiada por la contabilidad de recursos. Como parte de este proyecto, el MAE pone a disposici\u00f3n de los ciudadanos diversas herramientas y consejos pr\u00e1cticos para reducir la Huella Ecol\u00f3gica. (Puedes revisarlos en este link: http:\/\/www.ambienteyenergia.gob.ec\/ambiente\/ecuacion-del-medio-ambiente\/)<\/p>\n<p style=\"text-align: justify;\">El MAE como principal Autoridad Ambiental del pa\u00eds siempre velar\u00e1 por la conservaci\u00f3n de todos los recursos naturales, pero es importante que la ciudadan\u00eda tome conciencia y se interese en el cuidado del ambiente.<\/p>\n<p style=\"text-align: justify;\"><strong>\u00bfC\u00f3mo puedes contribuir?<\/strong><\/p>\n<p style=\"text-align: justify;\">Promueve las buenas pr\u00e1cticas ambientales en tu hogar, escuela o lugar de trabajo. A continuaci\u00f3n te presentamos algunos tips que puedes usar:<\/p>\n<p style=\"text-align: justify;\"><strong>En tu hogar<\/strong><\/p>\n<ul style=\"text-align: justify;\">\n<li>Compra con moderaci\u00f3n \u00fanicamente lo que necesites.<\/li>\n<\/ul>\n<ul style=\"text-align: justify;\">\n<li>Elige productos sin empaque y evita los productos desechables que son de un solo uso.<\/li>\n<li>Utiliza la lavadora cuando est\u00e9 completamente llena.<\/li>\n<li>Apaga la luz cuando no la necesites y utiliza focos ahorradores.<\/li>\n<li>Abre la puerta del refrigerador lo menos posible y cierra con rapidez. Evitar\u00e1 un gasto in\u00fatil de energ\u00eda.<\/li>\n<li>Cocina con las ollas tapadas, esto permite que el alimento se cocine m\u00e1s r\u00e1pido y de esta manera, disminuye el consumo de gas<\/li>\n<li>No dejes luces encendidas y coloca focos ahorradores.<\/li>\n<\/ul>\n<p style=\"text-align: justify;\"><strong>En el trabajo <\/strong><\/p>\n<ul style=\"text-align: justify;\">\n<li>Utiliza el transporte p\u00fablico o institucional en lugar de tu veh\u00edculo privado.<\/li>\n<li>Coloca tu computadora en modo de ahorro de energ\u00eda.<\/li>\n<li>Imprime s\u00f3lo si es necesario (a doble cara o en papel reutilizable).<\/li>\n<li>Procura apagar la computadora, impresoras y dem\u00e1s aparatos el\u00e9ctricos una vez que finalice la jornada de trabajo.<b><br \/>\n<\/b><\/li>\n<\/ul>\n<p style=\"text-align: center;\" align=\"center\"><em><strong>Recuerda que la Tierra es tu hogar y preservarla es responsabilidad de todas y todos.<\/strong><\/em><\/p>\n","protected":false},"excerpt":{"rendered":"<p class=\"excerpt\">Hoy, como cada 22 de abril, se celebra el D\u00eda Internacional de la Madre Tierra con el objetivo de concienciar a la poblaci\u00f3n sobre la importancia de conservar los recursos naturales, promoviendo un equilibrio entre el ser humano y la naturaleza. Todos los a\u00f1os, la Organizaci\u00f3n de las Naciones Unidas (ONU) plantea un tema para trabajar desde diferentes frentes, este&hellip; <a href=\"https:\/\/www.ambienteyenergia.gob.ec\/ambiente\/22-de-abril-dia-internacional-de-la-madre-tierra\/\">Read more &rarr;<\/a><\/p>\n","protected":false},"author":13,"featured_media":19482,"comment_status":"open","ping_status":"open","sticky":false,"template":"","format":"standard","meta":{"footnotes":""},"categories":[16,4],"tags":[],"class_list":["post-19481","post","type-post","status-publish","format-standard","has-post-thumbnail","hentry","category-comunicamos","category-noticias","xfolkentry"],"_links":{"self":[{"href":"https:\/\/www.ambienteyenergia.gob.ec\/ambiente\/wp-json\/wp\/v2\/posts\/19481","targetHints":{"allow":["GET"]}}],"collection":[{"href":"https:\/\/www.ambienteyenergia.gob.ec\/ambiente\/wp-json\/wp\/v2\/posts"}],"about":[{"href":"https:\/\/www.ambienteyenergia.gob.ec\/ambiente\/wp-json\/wp\/v2\/types\/post"}],"author":[{"embeddable":true,"href":"https:\/\/www.ambienteyenergia.gob.ec\/ambiente\/wp-json\/wp\/v2\/users\/13"}],"replies":[{"embeddable":true,"href":"https:\/\/www.ambienteyenergia.gob.ec\/ambiente\/wp-json\/wp\/v2\/comments?post=19481"}],"version-history":[{"count":0,"href":"https:\/\/www.ambienteyenergia.gob.ec\/ambiente\/wp-json\/wp\/v2\/posts\/19481\/revisions"}],"wp:featuredmedia":[{"embeddable":true,"href":"https:\/\/www.ambienteyenergia.gob.ec\/ambiente\/wp-json\/wp\/v2\/media\/19482"}],"wp:attachment":[{"href":"https:\/\/www.ambienteyenergia.gob.ec\/ambiente\/wp-json\/wp\/v2\/media?parent=19481"}],"wp:term":[{"taxonomy":"category","embeddable":true,"href":"https:\/\/www.ambienteyenergia.gob.ec\/ambiente\/wp-json\/wp\/v2\/categories?post=19481"},{"taxonomy":"post_tag","embeddable":true,"href":"https:\/\/www.ambienteyenergia.gob.ec\/ambiente\/wp-json\/wp\/v2\/tags?post=19481"}],"curies":[{"name":"wp","href":"https:\/\/api.w.org\/{rel}","templated":true}]}}