{"id":19478,"date":"2014-04-22T09:13:04","date_gmt":"2014-04-22T14:13:04","guid":{"rendered":"http:\/\/www.ambiente.gob.ec\/?p=19478"},"modified":"2014-04-22T09:13:04","modified_gmt":"2014-04-22T14:13:04","slug":"dos-aguilas-pechinegras-seran-liberadas-en-el-parque-nacional-cajas-azuay","status":"publish","type":"post","link":"https:\/\/www.ambienteyenergia.gob.ec\/ambiente\/dos-aguilas-pechinegras-seran-liberadas-en-el-parque-nacional-cajas-azuay\/","title":{"rendered":"Dos \u00e1guilas pechinegras ser\u00e1n liberadas en el Parque Nacional Cajas (Azuay)"},"content":{"rendered":"<p style=\"text-align: justify;\">El Ministerio del Ambiente del Ecuador (MAE), a trav\u00e9s de la Direcci\u00f3n Provincial de Azuay, realizar\u00e1 este mi\u00e9rcoles 23 de abril del 2014, la liberaci\u00f3n de dos \u00e1guilas pechinegras (Geranoaetus melanoleucus) en el Valle de Llaviucu del Parque Nacional Cajas, situado a 33 km al noroccidente de la ciudad de Cuenca.<\/p>\n<p style=\"text-align: justify;\">Estos dos ejemplares machos de \u00e1guila provienen de los zool\u00f3gicos Yurak Allpa y de Amaru (ubicados en la provincia de Azuay), el primero es parte del Programa Piloto de Rehabilitaci\u00f3n y Liberaci\u00f3n de Aves Rapaces, y el segundo habr\u00eda sido capturado recientemente por lo cual su rehabilitaci\u00f3n fue muy corta.<\/p>\n<p style=\"text-align: justify;\">El macho de \u00e1guila, que forma parte del programa antes mencionado, fue seleccionado de un grupo de siete ejemplares que se encontraban en las instalaciones del zool\u00f3gico Yurak Allpa de Tarqui. El esp\u00e9cimen fue examinado por Fernando Andrade Pes\u00e1ntez, especialista en aves rapaces. El ejemplar no presentaba impedimentos f\u00edsicos y su nivel de trato con seres humanos fue bajo, por lo que resultaba ser un potencial candidato a la rehabilitaci\u00f3n y posterior liberaci\u00f3n con alto porcentaje de \u00e9xito.<\/p>\n<p style=\"text-align: justify;\">Con estos antecedentes y por iniciativa de la Direcci\u00f3n Provincial del Ambiente de Azuay, en coordinaci\u00f3n con el zool\u00f3gico Yurak Allpa, se procedi\u00f3 a implementar y coordinar el Programa antes mencionado, que cuenta con tres fases: 1) fortalecer el sistema muscular y manejo de corrientes t\u00e9rmicas mediante las pr\u00e1cticas de vuelo constantes, 2) utilizaci\u00f3n de se\u00f1uelos y potenciaci\u00f3n de los instintos de caza; y 3) liberaci\u00f3n y monitoreo.<\/p>\n<p style=\"text-align: justify;\">El ejemplar permaneci\u00f3 por ocho meses en este programa, en que se colectaron datos importantes sobre su metabolismo y comportamiento, los mismos que son de suma importancia para el correcto manejo y entendimiento de estas aves tanto en cautiverio como en su h\u00e1bitat natural.<\/p>\n<p style=\"text-align: justify;\">Al cabo de casi un a\u00f1o de trabajo, se determin\u00f3 que el macho est\u00e1 listo para la \u00faltima fase de este proyecto que es la liberaci\u00f3n y monitoreo, por lo que se eligi\u00f3 al Valle de Llaviucu, como un espacio de reinserci\u00f3n, puesto que re\u00fane las caracter\u00edsticas ideales de su h\u00e1bitat.<\/p>\n<p style=\"text-align: justify;\"><strong>El dato<\/strong><\/p>\n<p style=\"text-align: justify;\">El \u00e1guila pechinegra (Geranoaetus melanoleucus), se encuentra en el ap\u00e9ndice II de la Convenci\u00f3n sobre el Comercio Internacional de Especies Amenazadas de Flora y Fauna, y en el ap\u00e9ndice II de la Convenci\u00f3n sobre la Conservaci\u00f3n de las Especies Migratorias de Animales Silvestres; convenios internacionales de los cuales nuestro pa\u00eds es signatario.<\/p>\n<p>&nbsp;<\/p>\n","protected":false},"excerpt":{"rendered":"<p class=\"excerpt\">El Ministerio del Ambiente del Ecuador (MAE), a trav\u00e9s de la Direcci\u00f3n Provincial de Azuay, realizar\u00e1 este mi\u00e9rcoles 23 de abril del 2014, la liberaci\u00f3n de dos \u00e1guilas pechinegras (Geranoaetus melanoleucus) en el Valle de Llaviucu del Parque Nacional Cajas, situado a 33 km al noroccidente de la ciudad de Cuenca. Estos dos ejemplares machos de \u00e1guila provienen de los&hellip; <a href=\"https:\/\/www.ambienteyenergia.gob.ec\/ambiente\/dos-aguilas-pechinegras-seran-liberadas-en-el-parque-nacional-cajas-azuay\/\">Read more &rarr;<\/a><\/p>\n","protected":false},"author":13,"featured_media":19479,"comment_status":"open","ping_status":"open","sticky":false,"template":"","format":"standard","meta":{"footnotes":""},"categories":[16,4],"tags":[456,457,53,54],"class_list":["post-19478","post","type-post","status-publish","format-standard","has-post-thumbnail","hentry","category-comunicamos","category-noticias","tag-aguila","tag-liberacion","tag-mae","tag-ministerio-del-ambiente","xfolkentry"],"_links":{"self":[{"href":"https:\/\/www.ambienteyenergia.gob.ec\/ambiente\/wp-json\/wp\/v2\/posts\/19478","targetHints":{"allow":["GET"]}}],"collection":[{"href":"https:\/\/www.ambienteyenergia.gob.ec\/ambiente\/wp-json\/wp\/v2\/posts"}],"about":[{"href":"https:\/\/www.ambienteyenergia.gob.ec\/ambiente\/wp-json\/wp\/v2\/types\/post"}],"author":[{"embeddable":true,"href":"https:\/\/www.ambienteyenergia.gob.ec\/ambiente\/wp-json\/wp\/v2\/users\/13"}],"replies":[{"embeddable":true,"href":"https:\/\/www.ambienteyenergia.gob.ec\/ambiente\/wp-json\/wp\/v2\/comments?post=19478"}],"version-history":[{"count":0,"href":"https:\/\/www.ambienteyenergia.gob.ec\/ambiente\/wp-json\/wp\/v2\/posts\/19478\/revisions"}],"wp:featuredmedia":[{"embeddable":true,"href":"https:\/\/www.ambienteyenergia.gob.ec\/ambiente\/wp-json\/wp\/v2\/media\/19479"}],"wp:attachment":[{"href":"https:\/\/www.ambienteyenergia.gob.ec\/ambiente\/wp-json\/wp\/v2\/media?parent=19478"}],"wp:term":[{"taxonomy":"category","embeddable":true,"href":"https:\/\/www.ambienteyenergia.gob.ec\/ambiente\/wp-json\/wp\/v2\/categories?post=19478"},{"taxonomy":"post_tag","embeddable":true,"href":"https:\/\/www.ambienteyenergia.gob.ec\/ambiente\/wp-json\/wp\/v2\/tags?post=19478"}],"curies":[{"name":"wp","href":"https:\/\/api.w.org\/{rel}","templated":true}]}}