{"id":19462,"date":"2014-04-21T17:14:53","date_gmt":"2014-04-21T22:14:53","guid":{"rendered":"http:\/\/www.ambiente.gob.ec\/?p=19462"},"modified":"2014-04-21T20:23:42","modified_gmt":"2014-04-22T01:23:42","slug":"los-11-reptiles-de-isla-santay-fueron-trasladados-a-nueva-cocodrilera","status":"publish","type":"post","link":"https:\/\/www.ambienteyenergia.gob.ec\/ambiente\/los-11-reptiles-de-isla-santay-fueron-trasladados-a-nueva-cocodrilera\/","title":{"rendered":"Los 11 reptiles de Isla Santay  fueron trasladados a nueva cocodrilera"},"content":{"rendered":"<p style=\"text-align: justify;\">Hoy, fueron trasladados los 11 reptiles que habitan en Isla Santay a la nueva cocodrilera que el Ministerio de Ambiente del Ecuador (MAE) construy\u00f3, con el objetivo de mejorar el espacio donde permanecer\u00e1n los animales, y as\u00ed, aportar al desarrollo tur\u00edstico del sector.<\/p>\n<p style=\"text-align: justify;\">Esta nueva infraestructura es un lugar propicio para el desarrollo de los espec\u00edmenes, pues al momento de su dise\u00f1o, se cuid\u00f3 mucho el aspecto paisaj\u00edstico, de tal manera que cuando los turistas visiten Santay no sientan que los animales est\u00e1n encerrados, sino que vean un panorama totalmente natural.<\/p>\n<p style=\"text-align: justify;\">La nueva cocodrilera est\u00e1 dividida en tres espacios el corral para hembras, el corral para machos y una laguna que tiene un peque\u00f1o islote en el centro, con el fin de incrementar el valor tur\u00edstico del sendero que est\u00e1 a su alrededor.<\/p>\n<p style=\"text-align: justify;\">Durante la jornada, t\u00e9cnicos del MAE aprovecharon para examinar y tomar muestras de sangre a los cocodrilos, as\u00ed como, para efectuar varios estudios que permitir\u00e1n conocer m\u00e1s a fondo su estado de salud. Adem\u00e1s, verificaron su peso y tama\u00f1o, esto previo al traslado definitivo de las especies a su nuevo h\u00e1bitat.<\/p>\n<p style=\"text-align: justify;\">Sin duda, la nueva cocodrilera es uno de los atractivos tur\u00edsticos que aportar\u00e1 al desarrollo sostenible de la isla. Con todas las adecuaciones e infraestructura que ha proporcionado el Ministerio del Ambiente, las familias viven dignamente y en armon\u00eda con la naturaleza, realizando actividades tur\u00edsticas y brindando diferentes servicios a los visitantes.<\/p>\n<p>&nbsp;<\/p>\n","protected":false},"excerpt":{"rendered":"<p class=\"excerpt\">Hoy, fueron trasladados los 11 reptiles que habitan en Isla Santay a la nueva cocodrilera que el Ministerio de Ambiente del Ecuador (MAE) construy\u00f3, con el objetivo de mejorar el espacio donde permanecer\u00e1n los animales, y as\u00ed, aportar al desarrollo tur\u00edstico del sector. Esta nueva infraestructura es un lugar propicio para el desarrollo de los espec\u00edmenes, pues al momento de&hellip; <a href=\"https:\/\/www.ambienteyenergia.gob.ec\/ambiente\/los-11-reptiles-de-isla-santay-fueron-trasladados-a-nueva-cocodrilera\/\">Read more &rarr;<\/a><\/p>\n","protected":false},"author":13,"featured_media":19463,"comment_status":"open","ping_status":"open","sticky":false,"template":"","format":"standard","meta":{"footnotes":""},"categories":[16,4],"tags":[455,374,108,53,54],"class_list":["post-19462","post","type-post","status-publish","format-standard","has-post-thumbnail","hentry","category-comunicamos","category-noticias","tag-cocodrilera","tag-isla-santay","tag-lorena-tapia","tag-mae","tag-ministerio-del-ambiente","xfolkentry"],"_links":{"self":[{"href":"https:\/\/www.ambienteyenergia.gob.ec\/ambiente\/wp-json\/wp\/v2\/posts\/19462","targetHints":{"allow":["GET"]}}],"collection":[{"href":"https:\/\/www.ambienteyenergia.gob.ec\/ambiente\/wp-json\/wp\/v2\/posts"}],"about":[{"href":"https:\/\/www.ambienteyenergia.gob.ec\/ambiente\/wp-json\/wp\/v2\/types\/post"}],"author":[{"embeddable":true,"href":"https:\/\/www.ambienteyenergia.gob.ec\/ambiente\/wp-json\/wp\/v2\/users\/13"}],"replies":[{"embeddable":true,"href":"https:\/\/www.ambienteyenergia.gob.ec\/ambiente\/wp-json\/wp\/v2\/comments?post=19462"}],"version-history":[{"count":0,"href":"https:\/\/www.ambienteyenergia.gob.ec\/ambiente\/wp-json\/wp\/v2\/posts\/19462\/revisions"}],"wp:featuredmedia":[{"embeddable":true,"href":"https:\/\/www.ambienteyenergia.gob.ec\/ambiente\/wp-json\/wp\/v2\/media\/19463"}],"wp:attachment":[{"href":"https:\/\/www.ambienteyenergia.gob.ec\/ambiente\/wp-json\/wp\/v2\/media?parent=19462"}],"wp:term":[{"taxonomy":"category","embeddable":true,"href":"https:\/\/www.ambienteyenergia.gob.ec\/ambiente\/wp-json\/wp\/v2\/categories?post=19462"},{"taxonomy":"post_tag","embeddable":true,"href":"https:\/\/www.ambienteyenergia.gob.ec\/ambiente\/wp-json\/wp\/v2\/tags?post=19462"}],"curies":[{"name":"wp","href":"https:\/\/api.w.org\/{rel}","templated":true}]}}