{"id":19459,"date":"2014-04-21T16:52:54","date_gmt":"2014-04-21T21:52:54","guid":{"rendered":"http:\/\/www.ambiente.gob.ec\/?p=19459"},"modified":"2014-04-21T18:52:57","modified_gmt":"2014-04-21T23:52:57","slug":"segundo-foro-iniciativas-de-educacion-ambiental-en-la-provincia-del-carchi-por-el-dia-mundial-de-la-tierra","status":"publish","type":"post","link":"https:\/\/www.ambienteyenergia.gob.ec\/ambiente\/segundo-foro-iniciativas-de-educacion-ambiental-en-la-provincia-del-carchi-por-el-dia-mundial-de-la-tierra\/","title":{"rendered":"Segundo foro: \u201cIniciativas de Educaci\u00f3n Ambiental en la provincia del Carchi\u201d por el D\u00eda Mundial de la Tierra"},"content":{"rendered":"<style type=\"text\/css\"><!--\nP { margin-bottom: 0.21cm; }\n--><\/style>\n<p style=\"text-align: justify;\" align=\"JUSTIFY\"><span style=\"color: #000000;\">El Ministerio del Ambiente (MAE), a trav\u00e9s de la Direcci\u00f3n Provincial del Carchi y en coordinaci\u00f3n con el Gobierno Provincial y la Fundaci\u00f3n Altr\u00f3pico, realiz\u00f3 el Segundo Foro de Iniciativas de Educaci\u00f3n Ambiental, en conmemoraci\u00f3n del D\u00eda Mundial de La Tierra. \u00a0El objetivo fue establecer un espacio destinado a la socializaci\u00f3n, difusi\u00f3n y discusi\u00f3n de iniciativas relevantes desarrolladas por instituciones y personas naturales en la provincia. <\/span><\/p>\n<p style=\"text-align: justify;\" align=\"JUSTIFY\"><span style=\"color: #000000;\">Las experiencias en cuanto a Educaci\u00f3n Ambiental, fue uno de los temas centrales compartidos durante las jornadas de trabajo, con la finalidad de desarrollar un proceso de sensibilizaci\u00f3n ambiental en toda la provincia.<\/span><\/p>\n<p style=\"text-align: justify;\" align=\"JUSTIFY\"><span style=\"color: #000000;\">Este foro se desarroll\u00f3 con el prop\u00f3sito de involucrar a los asistentes en iniciativas de educaci\u00f3n ambiental y poder crear as\u00ed un espacio de an\u00e1lisis y debate para establecer estrategias institucionales para mejorar estos procesos a nivel provincial. <\/span><\/p>\n<p style=\"text-align: justify;\" align=\"JUSTIFY\"><span style=\"color: #000000;\">En el evento, participaron alrededor de 45 personas de instituciones, fundaciones, promotores, clubs ecol\u00f3gicos y GADs.<\/span><\/p>\n","protected":false},"excerpt":{"rendered":"<p class=\"excerpt\">El Ministerio del Ambiente (MAE), a trav\u00e9s de la Direcci\u00f3n Provincial del Carchi y en coordinaci\u00f3n con el Gobierno Provincial y la Fundaci\u00f3n Altr\u00f3pico, realiz\u00f3 el Segundo Foro de Iniciativas de Educaci\u00f3n Ambiental, en conmemoraci\u00f3n del D\u00eda Mundial de La Tierra. \u00a0El objetivo fue establecer un espacio destinado a la socializaci\u00f3n, difusi\u00f3n y discusi\u00f3n de iniciativas relevantes desarrolladas por instituciones&hellip; <a href=\"https:\/\/www.ambienteyenergia.gob.ec\/ambiente\/segundo-foro-iniciativas-de-educacion-ambiental-en-la-provincia-del-carchi-por-el-dia-mundial-de-la-tierra\/\">Read more &rarr;<\/a><\/p>\n","protected":false},"author":13,"featured_media":19460,"comment_status":"open","ping_status":"open","sticky":false,"template":"","format":"standard","meta":{"footnotes":""},"categories":[16,4],"tags":[],"class_list":["post-19459","post","type-post","status-publish","format-standard","has-post-thumbnail","hentry","category-comunicamos","category-noticias","xfolkentry"],"_links":{"self":[{"href":"https:\/\/www.ambienteyenergia.gob.ec\/ambiente\/wp-json\/wp\/v2\/posts\/19459","targetHints":{"allow":["GET"]}}],"collection":[{"href":"https:\/\/www.ambienteyenergia.gob.ec\/ambiente\/wp-json\/wp\/v2\/posts"}],"about":[{"href":"https:\/\/www.ambienteyenergia.gob.ec\/ambiente\/wp-json\/wp\/v2\/types\/post"}],"author":[{"embeddable":true,"href":"https:\/\/www.ambienteyenergia.gob.ec\/ambiente\/wp-json\/wp\/v2\/users\/13"}],"replies":[{"embeddable":true,"href":"https:\/\/www.ambienteyenergia.gob.ec\/ambiente\/wp-json\/wp\/v2\/comments?post=19459"}],"version-history":[{"count":0,"href":"https:\/\/www.ambienteyenergia.gob.ec\/ambiente\/wp-json\/wp\/v2\/posts\/19459\/revisions"}],"wp:featuredmedia":[{"embeddable":true,"href":"https:\/\/www.ambienteyenergia.gob.ec\/ambiente\/wp-json\/wp\/v2\/media\/19460"}],"wp:attachment":[{"href":"https:\/\/www.ambienteyenergia.gob.ec\/ambiente\/wp-json\/wp\/v2\/media?parent=19459"}],"wp:term":[{"taxonomy":"category","embeddable":true,"href":"https:\/\/www.ambienteyenergia.gob.ec\/ambiente\/wp-json\/wp\/v2\/categories?post=19459"},{"taxonomy":"post_tag","embeddable":true,"href":"https:\/\/www.ambienteyenergia.gob.ec\/ambiente\/wp-json\/wp\/v2\/tags?post=19459"}],"curies":[{"name":"wp","href":"https:\/\/api.w.org\/{rel}","templated":true}]}}