{"id":19451,"date":"2014-04-21T15:53:51","date_gmt":"2014-04-21T20:53:51","guid":{"rendered":"http:\/\/www.ambiente.gob.ec\/?p=19451"},"modified":"2014-04-21T16:13:19","modified_gmt":"2014-04-21T21:13:19","slug":"mae-toma-acciones-inmediatas-frente-a-la-muerte-del-condor-felipe","status":"publish","type":"post","link":"https:\/\/www.ambienteyenergia.gob.ec\/ambiente\/mae-toma-acciones-inmediatas-frente-a-la-muerte-del-condor-felipe\/","title":{"rendered":"MAE toma acciones inmediatas frente a la muerte del c\u00f3ndor \u2018Felipe\u2019"},"content":{"rendered":"<p style=\"text-align: justify;\">El c\u00f3ndor \u2018Felipe\u2019, rescatado el pasado 25 de junio de 2013, por el Ministerio del Ambiente del Ecuador (MAE) y el Grupo Nacional de Trabajo del C\u00f3ndor Andino (GNTCA), en coordinaci\u00f3n con la comunidad de Campo Alegre, fue encontrado muerto este s\u00e1bado 12 de abril en los p\u00e1ramos cercanos a la laguna de Salayambo , provincia de Napo.<\/p>\n<p style=\"text-align: justify;\">`Felipe\u2019 fue el primer individuo de esta especie en ser liberado y monitoreado con un rastreador satelital y bandas alares de identificaci\u00f3n; lo que permiti\u00f3 conocer su ubicaci\u00f3n, monitorear sus rutas de vuelo y sus sitios de descanso. Gracias a esta herramienta se pudo ubicar el punto exacto donde yac\u00eda muerto.<\/p>\n<p style=\"text-align: justify;\">Los cient\u00edficos al monitorear permanentemente al ave, identificaron que la \u00a0se\u00f1al del rastreador marcaba un punto fijo, evidenciando un grave problema. Inmediatamente, Hern\u00e1n Vargas, cient\u00edfico perteneciente al Peregrine Fund junto con el veterinario Andr\u00e9s Ortega y el bi\u00f3logo Sebasti\u00e1n Kohn, todos miembros del GNTCA, organizaron una b\u00fasqueda para recuperar al ejemplar. Luego de este lamentable hallazgo, trasladaron al animal muerto al Hospital Veterinario de la Universidad San Francisco de Quito, donde se le realiz\u00f3 una necropsia, \u00a0que evidenci\u00f3 la presencia de una munici\u00f3n de grueso calibre que ocasion\u00f3 su deceso.<\/p>\n<p style=\"text-align: justify;\">En ese sentido, el Ministerio del Ambiente ha coordinado con la Fiscal\u00eda y la Polic\u00eda Nacional para ubicar\u00a0 a los responsables de este delito, investigado seg\u00fan la tipificaci\u00f3n del C\u00f3digo Penal.<\/p>\n<p style=\"text-align: justify;\">Es importante recalcar, que durante los ocho meses que \u2018Felipe\u2019 estuvo libre con el rastreador satelital proporcion\u00f3 a los investigadores una cantidad\u00a0 de informaci\u00f3n espacial de gran detalle, nunca antes recopilada en el pa\u00eds. A trav\u00e9s de esta innovadora iniciativa se revel\u00f3 la ubicaci\u00f3n de varios dormideros (sitios \u00a0escogidos por los c\u00f3ndores para dormir), la mayor\u00eda de ellos, antes desconocidos por la comunidad cient\u00edfica. Los dormideros, compartidos por varios ejemplares, entre adultos y juveniles, est\u00e1n generalmente localizados en riscos altos y protegidos de la lluvia, el viento y potenciales depredadores. Un ejemplar de C\u00f3ndor puede usar repetidamente varios sitios de descanso o pernocta dependiendo de la disponibilidad de alimento en el \u00e1rea, sin embargo, estos dormideros y posaderos, son de gran fidelidad por parte de la especie, por lo que es sumamente importante su protecci\u00f3n y monitoreo, pues su seguimiento puede brindar insumos importantes para conocer el estado y tama\u00f1o de las poblaciones en el \u00e1rea.<\/p>\n<p style=\"text-align: justify;\">Para este 2014, la Ministra Lorena Tapia ha dispuesto el fortalecimiento de la Estrategia de Conservaci\u00f3n del C\u00f3ndor Andino y sus cuatro ejes: 1.- manejo (ex situ e in situ); 2.- investigaci\u00f3n, 3.- conservaci\u00f3n y, 4.- educaci\u00f3n y sensibilizaci\u00f3n. \u201cNo escatimaremos esfuerzos en su protecci\u00f3n\u00a0 en todos los aspectos, como Autoridad Ambiental, nuestro inter\u00e9s siempre ser\u00e1 precautelar la vida silvestre del Ecuador\u201d, enfatiz\u00f3 la Ministra Tapia.<\/p>\n<p><strong>Fortalecimiento de estrategias para el cuidado del c\u00f3ndor<\/strong><\/p>\n<p style=\"text-align: justify;\">Como acciones concretas en la ejecuci\u00f3n de la Estrategia de esta especie, el MAE inicia este a\u00f1o el Proyecto \u201cDesarrollo de Enfoques de Manejo de Paisajes en el Sistema Nacional de \u00c1reas Protegidas del Ecuador para mejorar la Conservaci\u00f3n de la Vida Silvestre en Peligro de Extinci\u00f3n Mundial\u201d, el cual tiene como uno de los resultados principales el determinar el estado de conservaci\u00f3n del C\u00f3ndor y otras especies emblem\u00e1ticas como el Jaguar, Puma, Oso de Anteojos, Tapir Andino, Tapir Amaz\u00f3nico, Paiche, entre otras, y determinar acciones comunitarias para desarrollar medios de vida sostenibles para reducir las presiones de cacer\u00eda a estas especies. En conjunto con el GNTCA se fortalecer\u00e1 el programa de manejo tanto in situ como ex situ, y se iniciar\u00e1 el programa de educaci\u00f3n y sensibilizaci\u00f3n a las comunidades ind\u00edgenas y rurales.<\/p>\n<p style=\"text-align: justify;\">Por otro lado, el Ministerio del Ambiente, seguir\u00e1 implementando el Programa Aula Verde, para el fortalecimiento de capacidades y liderazgo ambiental, dirigido a los Responsables de las \u00c1reas Protegidas, siendo importante la contrataci\u00f3n de alrededor de 360 nuevos guardaparques para su incorporaci\u00f3n a las 50\u00a0 \u00c1reas Protegidas del Ecuador lo que permitir\u00e1 mejorar el control y vigilancia de los sitios m\u00e1s vulnerables.<\/p>\n<p style=\"text-align: justify;\">Finalmente, destacar la importancia que tenemos todos en velar por la protecci\u00f3n de nuestra biodiversidad. El a\u00f1o pasado, gracias a las denuncias de la ciudadan\u00eda, el MAE en Azuay denunci\u00f3 en la Fiscal\u00eda de esta provincia, la muerte de un c\u00f3ndor a causa de un disparo, cuyas fotograf\u00edas fueron publicadas en redes sociales, permitiendo identificar al responsable del delito, y cuya sentencia sirvi\u00f3 como un precedente al juzgar a alguien por atentar contra la fauna silvestre.<\/p>\n<p style=\"text-align: justify;\">Si conoces o eres testigo de un delito en contra de la vida silvestre, reg\u00edstrala en nuestra plataforma \u201cMAE Transparente\u201d a trav\u00e9s de la p\u00e1gina web: http:\/\/www.ambienteyenergia.gob.ec\/ambiente<\/p>\n<p style=\"text-align: justify;\"><a href=\"http:\/\/www.ambienteyenergia.gob.ec\/ambiente\/wp-content\/uploads\/downloads\/2014\/04\/FISCALIA-017.pdf\">Descargue la Denuncia Particular hecha por el Ministerio del Ambiente <\/a><\/p>\n","protected":false},"excerpt":{"rendered":"<p class=\"excerpt\">El c\u00f3ndor \u2018Felipe\u2019, rescatado el pasado 25 de junio de 2013, por el Ministerio del Ambiente del Ecuador (MAE) y el Grupo Nacional de Trabajo del C\u00f3ndor Andino (GNTCA), en coordinaci\u00f3n con la comunidad de Campo Alegre, fue encontrado muerto este s\u00e1bado 12 de abril en los p\u00e1ramos cercanos a la laguna de Salayambo , provincia de Napo. `Felipe\u2019 fue&hellip; <a href=\"https:\/\/www.ambienteyenergia.gob.ec\/ambiente\/mae-toma-acciones-inmediatas-frente-a-la-muerte-del-condor-felipe\/\">Read more &rarr;<\/a><\/p>\n","protected":false},"author":13,"featured_media":19455,"comment_status":"open","ping_status":"open","sticky":false,"template":"","format":"standard","meta":{"footnotes":""},"categories":[16,4],"tags":[],"class_list":["post-19451","post","type-post","status-publish","format-standard","has-post-thumbnail","hentry","category-comunicamos","category-noticias","xfolkentry"],"_links":{"self":[{"href":"https:\/\/www.ambienteyenergia.gob.ec\/ambiente\/wp-json\/wp\/v2\/posts\/19451","targetHints":{"allow":["GET"]}}],"collection":[{"href":"https:\/\/www.ambienteyenergia.gob.ec\/ambiente\/wp-json\/wp\/v2\/posts"}],"about":[{"href":"https:\/\/www.ambienteyenergia.gob.ec\/ambiente\/wp-json\/wp\/v2\/types\/post"}],"author":[{"embeddable":true,"href":"https:\/\/www.ambienteyenergia.gob.ec\/ambiente\/wp-json\/wp\/v2\/users\/13"}],"replies":[{"embeddable":true,"href":"https:\/\/www.ambienteyenergia.gob.ec\/ambiente\/wp-json\/wp\/v2\/comments?post=19451"}],"version-history":[{"count":0,"href":"https:\/\/www.ambienteyenergia.gob.ec\/ambiente\/wp-json\/wp\/v2\/posts\/19451\/revisions"}],"wp:featuredmedia":[{"embeddable":true,"href":"https:\/\/www.ambienteyenergia.gob.ec\/ambiente\/wp-json\/wp\/v2\/media\/19455"}],"wp:attachment":[{"href":"https:\/\/www.ambienteyenergia.gob.ec\/ambiente\/wp-json\/wp\/v2\/media?parent=19451"}],"wp:term":[{"taxonomy":"category","embeddable":true,"href":"https:\/\/www.ambienteyenergia.gob.ec\/ambiente\/wp-json\/wp\/v2\/categories?post=19451"},{"taxonomy":"post_tag","embeddable":true,"href":"https:\/\/www.ambienteyenergia.gob.ec\/ambiente\/wp-json\/wp\/v2\/tags?post=19451"}],"curies":[{"name":"wp","href":"https:\/\/api.w.org\/{rel}","templated":true}]}}