{"id":19447,"date":"2014-04-21T15:21:16","date_gmt":"2014-04-21T20:21:16","guid":{"rendered":"http:\/\/www.ambiente.gob.ec\/?p=19447"},"modified":"2014-04-21T15:21:16","modified_gmt":"2014-04-21T20:21:16","slug":"mae-participa-con-un-stand-en-feria-expo-produccion-macaji-2014-en-riobamba","status":"publish","type":"post","link":"https:\/\/www.ambienteyenergia.gob.ec\/ambiente\/mae-participa-con-un-stand-en-feria-expo-produccion-macaji-2014-en-riobamba\/","title":{"rendered":"MAE participa con un stand en Feria Expo Producci\u00f3n Macaj\u00ed 2014 en Riobamba"},"content":{"rendered":"<p style=\"text-align: justify;\">El Ministerio del Ambiente (MAE) a trav\u00e9s de la Direcci\u00f3n Provincial de Ambiente de Chimborazo (DPACh), particip\u00f3 en la 74 Feria Expo Producci\u00f3n Macaj\u00ed 2014 con un stand informativo, para promocionar y difundir las actividades que el MAE realiza en las \u00c1reas Protegidas, en Educaci\u00f3n Ambiental, Forestaci\u00f3n y Calidad Ambiental, en el marco de las festividades abrile\u00f1as en la ciudad de Riobamba.<\/p>\n<p style=\"text-align: justify;\">\nDurante los d\u00edas viernes, s\u00e1bado y domingo, el stand del MAE acogi\u00f3 aproximadamente a 4000 turistas nacionales de las ciudades de Guayaquil, Quito, Guaranda, Ambato, Latacunga, Cuenca, Loja, entre otras, a m\u00e1s de la presencia de turistas extranjeros de Colombia y Estados Unidos que mostraron inter\u00e9s en la informaci\u00f3n brindada, espec\u00edficamente, sobre \u00c1reas Protegidas.<\/p>\n<p style=\"text-align: justify;\">\nEn el transcurso de la exposici\u00f3n, personal de la DPACh realizaron actividades l\u00fadicas de educaci\u00f3n ambiental dirigida a la ciudadan\u00eda en general. Ni\u00f1as y ni\u00f1os que asistieron al lugar conocieron la importancia de conservar y proteger los recursos naturales as\u00ed como tambi\u00e9n de la biodiversidad existente en nuestro pa\u00eds.<\/p>\n<p style=\"text-align: justify;\">\nLos materiales educativos como maquetas, plegables informativos y animales elaborados en madera impresion\u00f3 al p\u00fablico que asisti\u00f3 al evento, los mismos que felicitaron y agradecieron al MAE por la informaci\u00f3n concedida, y el compromiso que esta Cartera de Estado tiene con la ciudadan\u00eda para promover la protecci\u00f3n del Ambiente en las diferentes \u00e1reas.<\/p>\n<p style=\"text-align: justify;\">\nEl MAE interviene continuamente en los diferentes espacios sociales\u00a0 para fomentar la protecci\u00f3n y conservaci\u00f3n de los recursos naturales y la biodiversidad del Ecuador.<\/p>\n","protected":false},"excerpt":{"rendered":"<p class=\"excerpt\">El Ministerio del Ambiente (MAE) a trav\u00e9s de la Direcci\u00f3n Provincial de Ambiente de Chimborazo (DPACh), particip\u00f3 en la 74 Feria Expo Producci\u00f3n Macaj\u00ed 2014 con un stand informativo, para promocionar y difundir las actividades que el MAE realiza en las \u00c1reas Protegidas, en Educaci\u00f3n Ambiental, Forestaci\u00f3n y Calidad Ambiental, en el marco de las festividades abrile\u00f1as en la ciudad&hellip; <a href=\"https:\/\/www.ambienteyenergia.gob.ec\/ambiente\/mae-participa-con-un-stand-en-feria-expo-produccion-macaji-2014-en-riobamba\/\">Read more &rarr;<\/a><\/p>\n","protected":false},"author":13,"featured_media":19448,"comment_status":"open","ping_status":"open","sticky":false,"template":"","format":"standard","meta":{"footnotes":""},"categories":[16,4],"tags":[],"class_list":["post-19447","post","type-post","status-publish","format-standard","has-post-thumbnail","hentry","category-comunicamos","category-noticias","xfolkentry"],"_links":{"self":[{"href":"https:\/\/www.ambienteyenergia.gob.ec\/ambiente\/wp-json\/wp\/v2\/posts\/19447","targetHints":{"allow":["GET"]}}],"collection":[{"href":"https:\/\/www.ambienteyenergia.gob.ec\/ambiente\/wp-json\/wp\/v2\/posts"}],"about":[{"href":"https:\/\/www.ambienteyenergia.gob.ec\/ambiente\/wp-json\/wp\/v2\/types\/post"}],"author":[{"embeddable":true,"href":"https:\/\/www.ambienteyenergia.gob.ec\/ambiente\/wp-json\/wp\/v2\/users\/13"}],"replies":[{"embeddable":true,"href":"https:\/\/www.ambienteyenergia.gob.ec\/ambiente\/wp-json\/wp\/v2\/comments?post=19447"}],"version-history":[{"count":0,"href":"https:\/\/www.ambienteyenergia.gob.ec\/ambiente\/wp-json\/wp\/v2\/posts\/19447\/revisions"}],"wp:featuredmedia":[{"embeddable":true,"href":"https:\/\/www.ambienteyenergia.gob.ec\/ambiente\/wp-json\/wp\/v2\/media\/19448"}],"wp:attachment":[{"href":"https:\/\/www.ambienteyenergia.gob.ec\/ambiente\/wp-json\/wp\/v2\/media?parent=19447"}],"wp:term":[{"taxonomy":"category","embeddable":true,"href":"https:\/\/www.ambienteyenergia.gob.ec\/ambiente\/wp-json\/wp\/v2\/categories?post=19447"},{"taxonomy":"post_tag","embeddable":true,"href":"https:\/\/www.ambienteyenergia.gob.ec\/ambiente\/wp-json\/wp\/v2\/tags?post=19447"}],"curies":[{"name":"wp","href":"https:\/\/api.w.org\/{rel}","templated":true}]}}