{"id":19442,"date":"2014-04-21T13:58:21","date_gmt":"2014-04-21T18:58:21","guid":{"rendered":"http:\/\/www.ambiente.gob.ec\/?p=19442"},"modified":"2014-04-21T19:39:16","modified_gmt":"2014-04-22T00:39:16","slug":"campana-sembrando-futuro-reforestara-seis-provincias-del-pais-con-23-500-especies-nativas","status":"publish","type":"post","link":"https:\/\/www.ambienteyenergia.gob.ec\/ambiente\/campana-sembrando-futuro-reforestara-seis-provincias-del-pais-con-23-500-especies-nativas\/","title":{"rendered":"Campa\u00f1a &#8216;Sembrando Futuro&#8217; reforestar\u00e1 seis provincias del pa\u00eds con 23 500 especies nativas"},"content":{"rendered":"<p style=\"text-align: justify;\">Hoy, en rueda de prensa, la Ministra del Ambiente, Lorena Tapia junto con Iv\u00e1n Proa\u00f1o, Director Ejecutivo de la Fundaci\u00f3n SCOUTS de Ecuador, present\u00f3 la campa\u00f1a de reforestaci\u00f3n \u201cSembrando Futuro\u201d, iniciativa que pretende plantar, el pr\u00f3ximo s\u00e1bado 26 de abril, 23 500 \u00e1rboles de especies forestales nativas en seis provincias del pa\u00eds simult\u00e1neamente.<\/p>\n<p style=\"text-align: justify;\">Este proyecto, que se ejecutar\u00e1 en conmemoraci\u00f3n al D\u00eda Internacional de la Madre Tierra, busca concienciar a la ciudadan\u00eda sobre la importancia de proteger los recursos forestales, puesto que a m\u00e1s de albergar a cientos de especies, tambi\u00e9n juegan un rol fundamental en la producci\u00f3n de ox\u00edgeno y la variaci\u00f3n clim\u00e1tica.<\/p>\n<p style=\"text-align: justify;\">El Ministerio del Ambiente del Ecuador (MAE), como Autoridad Ambiental Nacional, considera que la reforestaci\u00f3n es uno de los ejes prioritarios para la conservaci\u00f3n de los recursos naturales. Por ello, se plante\u00f3 esta ambiciosa jornada en la que se recuperar\u00e1 una parte de tierras degradadas de las ciudades de Quito, Guayaquil, Cuenca, Riobamba, Manta e Ibarra; con el apoyo de 3 050 Scouts, que ser\u00e1n aliados estrat\u00e9gicos de esta Cartera de Estado en el cuidado y regeneraci\u00f3n de la naturaleza. Cabe se\u00f1alar, que las plantas a sembrarse son donaciones realizadas por instituciones p\u00fablicas y empresas privadas, que se sumaron a esta excelente causa.<\/p>\n<p style=\"text-align: justify;\">En ese sentido, la M\u00e1xima Autoridad Ambiental asever\u00f3 que esta reforestaci\u00f3n es el principio de lo que va a ser una acci\u00f3n mucho m\u00e1s amplia. \u00abPara el MAE, la recuperaci\u00f3n de los ecosistemas es un compromiso fundamental, un ejemplo de ello, es el Programa Socio Bosque que ha dado resultados exitosos, no solamente en lo ambiental sino en lo social. Hablamos de alrededor de 1 mill\u00f3n de hect\u00e1reas conservadas mediante la entrega de incentivos\u00bb, ratific\u00f3.<\/p>\n<p style=\"text-align: justify;\">Asimismo, la Ministra Tapia asegur\u00f3 que el Gobierno no escatimar\u00e1 esfuerzos de ning\u00fan tipo, entre ellos el econ\u00f3mico, para hacer de la restauraci\u00f3n forestal un proyecto emblem\u00e1tico del Ecuador. \u00abEsta jornada de reforestaci\u00f3n plantear\u00e1 nuevas metas de restauraci\u00f3n forestal a nivel nacional. Para el a\u00f1o 2014, por ejemplo, tenemos como objetivo restaurar alrededor de 100 mil hect\u00e1reas y progresivamente el resto de los a\u00f1os, nos hemos puesto metas muy ambiciosas con el fin de convertir al pa\u00eds en un Ecuador m\u00e1s verde\u00bb, afirm\u00f3 Tapia.<\/p>\n<p style=\"text-align: justify;\">Por su parte, Proa\u00f1o reiter\u00f3 que la Fundaci\u00f3n Scouts est\u00e1 siempre comprometida con el desarrollo del pa\u00eds y el tema ambiental. \u00abHoy, estamos en seis provincias gracias al trabajo conjunto con el MAE y esperamos que el pr\u00f3ximo a\u00f1o podamos llegar a nivel nacional\u00bb. Adem\u00e1s, agradeci\u00f3 el apoyo t\u00e9cnico y la colaboraci\u00f3n que les brind\u00f3 esta Cartera de Estado.<\/p>\n<p style=\"text-align: justify;\">Respecto a este tema, la Ministra del Ambiente indic\u00f3 que no es \u00fanicamente el hecho de plantar, sino de hacer un seguimiento y asegurar la supervivencia de las especies, permitiendo recuperar los ecosistemas.<\/p>\n<p style=\"text-align: justify;\">Para finalizar, la M\u00e1xima Autoridad Ambiental agradeci\u00f3 la voluntad de los j\u00f3venes que con acciones como \u00e9sta contribuyen a la construcci\u00f3n de un Ecuador Verde e invit\u00f3 a todos a sumarse a este tipo de iniciativas que fomentan el desarrollo y cuidado del entorno natural.<\/p>\n","protected":false},"excerpt":{"rendered":"<p class=\"excerpt\">Hoy, en rueda de prensa, la Ministra del Ambiente, Lorena Tapia junto con Iv\u00e1n Proa\u00f1o, Director Ejecutivo de la Fundaci\u00f3n SCOUTS de Ecuador, present\u00f3 la campa\u00f1a de reforestaci\u00f3n \u201cSembrando Futuro\u201d, iniciativa que pretende plantar, el pr\u00f3ximo s\u00e1bado 26 de abril, 23 500 \u00e1rboles de especies forestales nativas en seis provincias del pa\u00eds simult\u00e1neamente. Este proyecto, que se ejecutar\u00e1 en conmemoraci\u00f3n&hellip; <a href=\"https:\/\/www.ambienteyenergia.gob.ec\/ambiente\/campana-sembrando-futuro-reforestara-seis-provincias-del-pais-con-23-500-especies-nativas\/\">Read more &rarr;<\/a><\/p>\n","protected":false},"author":13,"featured_media":19443,"comment_status":"open","ping_status":"open","sticky":false,"template":"","format":"standard","meta":{"footnotes":""},"categories":[16,4,10],"tags":[],"class_list":["post-19442","post","type-post","status-publish","format-standard","has-post-thumbnail","hentry","category-comunicamos","category-noticias","category-noticias-destacadas","xfolkentry"],"_links":{"self":[{"href":"https:\/\/www.ambienteyenergia.gob.ec\/ambiente\/wp-json\/wp\/v2\/posts\/19442","targetHints":{"allow":["GET"]}}],"collection":[{"href":"https:\/\/www.ambienteyenergia.gob.ec\/ambiente\/wp-json\/wp\/v2\/posts"}],"about":[{"href":"https:\/\/www.ambienteyenergia.gob.ec\/ambiente\/wp-json\/wp\/v2\/types\/post"}],"author":[{"embeddable":true,"href":"https:\/\/www.ambienteyenergia.gob.ec\/ambiente\/wp-json\/wp\/v2\/users\/13"}],"replies":[{"embeddable":true,"href":"https:\/\/www.ambienteyenergia.gob.ec\/ambiente\/wp-json\/wp\/v2\/comments?post=19442"}],"version-history":[{"count":0,"href":"https:\/\/www.ambienteyenergia.gob.ec\/ambiente\/wp-json\/wp\/v2\/posts\/19442\/revisions"}],"wp:featuredmedia":[{"embeddable":true,"href":"https:\/\/www.ambienteyenergia.gob.ec\/ambiente\/wp-json\/wp\/v2\/media\/19443"}],"wp:attachment":[{"href":"https:\/\/www.ambienteyenergia.gob.ec\/ambiente\/wp-json\/wp\/v2\/media?parent=19442"}],"wp:term":[{"taxonomy":"category","embeddable":true,"href":"https:\/\/www.ambienteyenergia.gob.ec\/ambiente\/wp-json\/wp\/v2\/categories?post=19442"},{"taxonomy":"post_tag","embeddable":true,"href":"https:\/\/www.ambienteyenergia.gob.ec\/ambiente\/wp-json\/wp\/v2\/tags?post=19442"}],"curies":[{"name":"wp","href":"https:\/\/api.w.org\/{rel}","templated":true}]}}