{"id":19439,"date":"2014-04-21T10:12:43","date_gmt":"2014-04-21T15:12:43","guid":{"rendered":"http:\/\/www.ambiente.gob.ec\/?p=19439"},"modified":"2014-04-21T20:16:19","modified_gmt":"2014-04-22T01:16:19","slug":"90-aspirantes-de-la-escuela-de-formacion-de-policia-de-banos-fueron-capacitados-en-temas-ambientales","status":"publish","type":"post","link":"https:\/\/www.ambienteyenergia.gob.ec\/ambiente\/90-aspirantes-de-la-escuela-de-formacion-de-policia-de-banos-fueron-capacitados-en-temas-ambientales\/","title":{"rendered":"90 aspirantes de la Escuela de Formaci\u00f3n de Polic\u00eda de Ba\u00f1os fueron capacitados en temas ambientales"},"content":{"rendered":"<p style=\"text-align: justify;\">El Ministerio del Ambiente del Ecuador (MAE), a trav\u00e9s de Direcci\u00f3n Provincial de Tungurahua, capacit\u00f3 a 90 aspirantes de la Escuela de Polic\u00eda de la ciudad de Ba\u00f1os de Agua Santa en temas de conservaci\u00f3n y protecci\u00f3n del ambiente.<\/p>\n<p style=\"text-align: justify;\">La Polic\u00eda Nacional, como aliado estrat\u00e9gico de esta Cartera de Estado, se interesa en apoyar \u201cProyectos de Reciclaje\u201d en la comunidad con el objetivo de aportar a la ardua labor del MAE.<\/p>\n<p style=\"text-align: justify;\">Por ello, se busca capacitar continuamente a los nuevos aspirantes, para que adquieran conocimientos b\u00e1sicos, que puedan ser replicados con los ciudadanos, aportando a la formaci\u00f3n de una conciencia ambiental responsable.<\/p>\n<p style=\"text-align: justify;\">El MAE, en la primera fase de los talleres que imparti\u00f3 durante la semana pasada, expuso temas como patrimonio natural, biodiversidad, Ley Forestal y de Vida Silvestre, reciclaje y manejo de residuos s\u00f3lidos.<\/p>\n<p style=\"text-align: justify;\">En la segunda fase, t\u00e9cnicos de esta Cartera de Estado junto con miembros de la Polic\u00eda Nacional, dictar\u00e1n varias charlas en cuatro centros de Educaci\u00f3n B\u00e1sica del cant\u00f3n Ba\u00f1os de Agua Santa, para poner en pr\u00e1ctica los conocimientos aprendidos, sobre todo en lo que se refiere a temas de reciclaje y biodiversidad.<\/p>\n<p>&nbsp;<\/p>\n","protected":false},"excerpt":{"rendered":"<p class=\"excerpt\">El Ministerio del Ambiente del Ecuador (MAE), a trav\u00e9s de Direcci\u00f3n Provincial de Tungurahua, capacit\u00f3 a 90 aspirantes de la Escuela de Polic\u00eda de la ciudad de Ba\u00f1os de Agua Santa en temas de conservaci\u00f3n y protecci\u00f3n del ambiente. La Polic\u00eda Nacional, como aliado estrat\u00e9gico de esta Cartera de Estado, se interesa en apoyar \u201cProyectos de Reciclaje\u201d en la comunidad&hellip; <a href=\"https:\/\/www.ambienteyenergia.gob.ec\/ambiente\/90-aspirantes-de-la-escuela-de-formacion-de-policia-de-banos-fueron-capacitados-en-temas-ambientales\/\">Read more &rarr;<\/a><\/p>\n","protected":false},"author":13,"featured_media":19440,"comment_status":"open","ping_status":"open","sticky":false,"template":"","format":"standard","meta":{"footnotes":""},"categories":[16,4],"tags":[453,108,53,54,454],"class_list":["post-19439","post","type-post","status-publish","format-standard","has-post-thumbnail","hentry","category-comunicamos","category-noticias","tag-capacitacion","tag-lorena-tapia","tag-mae","tag-ministerio-del-ambiente","tag-talleres","xfolkentry"],"_links":{"self":[{"href":"https:\/\/www.ambienteyenergia.gob.ec\/ambiente\/wp-json\/wp\/v2\/posts\/19439","targetHints":{"allow":["GET"]}}],"collection":[{"href":"https:\/\/www.ambienteyenergia.gob.ec\/ambiente\/wp-json\/wp\/v2\/posts"}],"about":[{"href":"https:\/\/www.ambienteyenergia.gob.ec\/ambiente\/wp-json\/wp\/v2\/types\/post"}],"author":[{"embeddable":true,"href":"https:\/\/www.ambienteyenergia.gob.ec\/ambiente\/wp-json\/wp\/v2\/users\/13"}],"replies":[{"embeddable":true,"href":"https:\/\/www.ambienteyenergia.gob.ec\/ambiente\/wp-json\/wp\/v2\/comments?post=19439"}],"version-history":[{"count":0,"href":"https:\/\/www.ambienteyenergia.gob.ec\/ambiente\/wp-json\/wp\/v2\/posts\/19439\/revisions"}],"wp:featuredmedia":[{"embeddable":true,"href":"https:\/\/www.ambienteyenergia.gob.ec\/ambiente\/wp-json\/wp\/v2\/media\/19440"}],"wp:attachment":[{"href":"https:\/\/www.ambienteyenergia.gob.ec\/ambiente\/wp-json\/wp\/v2\/media?parent=19439"}],"wp:term":[{"taxonomy":"category","embeddable":true,"href":"https:\/\/www.ambienteyenergia.gob.ec\/ambiente\/wp-json\/wp\/v2\/categories?post=19439"},{"taxonomy":"post_tag","embeddable":true,"href":"https:\/\/www.ambienteyenergia.gob.ec\/ambiente\/wp-json\/wp\/v2\/tags?post=19439"}],"curies":[{"name":"wp","href":"https:\/\/api.w.org\/{rel}","templated":true}]}}