{"id":19431,"date":"2014-04-21T09:26:22","date_gmt":"2014-04-21T14:26:22","guid":{"rendered":"http:\/\/www.ambiente.gob.ec\/?p=19431"},"modified":"2014-04-21T09:44:18","modified_gmt":"2014-04-21T14:44:18","slug":"mae-decomiso-17-56-m%c2%b3-de-madera-en-operativos-de-control-forestal-en-pastaza","status":"publish","type":"post","link":"https:\/\/www.ambienteyenergia.gob.ec\/ambiente\/mae-decomiso-17-56-m%c2%b3-de-madera-en-operativos-de-control-forestal-en-pastaza\/","title":{"rendered":"MAE decomis\u00f3 17.56 m\u00b3 de madera  en operativos de control forestal en Pastaza"},"content":{"rendered":"<p style=\"text-align: justify;\">El Ministerio del Ambiente del Ecuador (MAE), en coordinaci\u00f3n con la Brigada de Selva 17 de las Fuerzas Armadas, realiz\u00f3 varios operativos de control durante el feriado de Semana Santa, para evitar la movilizaci\u00f3n ilegal de producto forestal en la provincia de Pastaza. Como resultado de esta jornada, el s\u00e1bado 19 de abril, se decomis\u00f3 17,56 metros c\u00fabicos de madera en la v\u00eda al Puyo-Tena.<\/p>\n<p style=\"text-align: justify;\">El producto forestal, que estaba aserrado en tablas, pertenec\u00eda a las especies de Tamburo, Manzano Colorado, Doncel Coco, Fosforo, Guarango. Lamentablemente, en la gu\u00eda de circulaci\u00f3n presentada no constaba la informaci\u00f3n completa del producto, por lo que se procedi\u00f3 a retenerlo bas\u00e1ndose en lo estipulado en la Ley Forestal.<\/p>\n<p style=\"text-align: justify;\">Asimismo, el veh\u00edculo fue detenido y se encuentra en los patios del control fijo en el cant\u00f3n Mera, ubicado en la misma provincia.<\/p>\n<p style=\"text-align: justify;\">El MAE, por su parte, seguir\u00e1 con controles m\u00f3viles permanentes en las carreteras, con el fin de evitar la tala ilegal de bosques y el transporte de madera, priorizando la conservaci\u00f3n y el manejo sostenible de los bosques.<\/p>\n<p style=\"text-align: justify;\">\n","protected":false},"excerpt":{"rendered":"<p class=\"excerpt\">El Ministerio del Ambiente del Ecuador (MAE), en coordinaci\u00f3n con la Brigada de Selva 17 de las Fuerzas Armadas, realiz\u00f3 varios operativos de control durante el feriado de Semana Santa, para evitar la movilizaci\u00f3n ilegal de producto forestal en la provincia de Pastaza. Como resultado de esta jornada, el s\u00e1bado 19 de abril, se decomis\u00f3 17,56 metros c\u00fabicos de madera&hellip; <a href=\"https:\/\/www.ambienteyenergia.gob.ec\/ambiente\/mae-decomiso-17-56-m%c2%b3-de-madera-en-operativos-de-control-forestal-en-pastaza\/\">Read more &rarr;<\/a><\/p>\n","protected":false},"author":13,"featured_media":19432,"comment_status":"open","ping_status":"open","sticky":false,"template":"","format":"standard","meta":{"footnotes":""},"categories":[16,4],"tags":[447,452,108,337,53,54],"class_list":["post-19431","post","type-post","status-publish","format-standard","has-post-thumbnail","hentry","category-comunicamos","category-noticias","tag-decomiso","tag-ley-forestal","tag-lorena-tapia","tag-madera","tag-mae","tag-ministerio-del-ambiente","xfolkentry"],"_links":{"self":[{"href":"https:\/\/www.ambienteyenergia.gob.ec\/ambiente\/wp-json\/wp\/v2\/posts\/19431","targetHints":{"allow":["GET"]}}],"collection":[{"href":"https:\/\/www.ambienteyenergia.gob.ec\/ambiente\/wp-json\/wp\/v2\/posts"}],"about":[{"href":"https:\/\/www.ambienteyenergia.gob.ec\/ambiente\/wp-json\/wp\/v2\/types\/post"}],"author":[{"embeddable":true,"href":"https:\/\/www.ambienteyenergia.gob.ec\/ambiente\/wp-json\/wp\/v2\/users\/13"}],"replies":[{"embeddable":true,"href":"https:\/\/www.ambienteyenergia.gob.ec\/ambiente\/wp-json\/wp\/v2\/comments?post=19431"}],"version-history":[{"count":0,"href":"https:\/\/www.ambienteyenergia.gob.ec\/ambiente\/wp-json\/wp\/v2\/posts\/19431\/revisions"}],"wp:featuredmedia":[{"embeddable":true,"href":"https:\/\/www.ambienteyenergia.gob.ec\/ambiente\/wp-json\/wp\/v2\/media\/19432"}],"wp:attachment":[{"href":"https:\/\/www.ambienteyenergia.gob.ec\/ambiente\/wp-json\/wp\/v2\/media?parent=19431"}],"wp:term":[{"taxonomy":"category","embeddable":true,"href":"https:\/\/www.ambienteyenergia.gob.ec\/ambiente\/wp-json\/wp\/v2\/categories?post=19431"},{"taxonomy":"post_tag","embeddable":true,"href":"https:\/\/www.ambienteyenergia.gob.ec\/ambiente\/wp-json\/wp\/v2\/tags?post=19431"}],"curies":[{"name":"wp","href":"https:\/\/api.w.org\/{rel}","templated":true}]}}