{"id":19428,"date":"2014-04-19T09:08:06","date_gmt":"2014-04-19T14:08:06","guid":{"rendered":"http:\/\/www.ambiente.gob.ec\/?p=19428"},"modified":"2014-04-21T09:41:15","modified_gmt":"2014-04-21T14:41:15","slug":"ecuador-participo-en-taller-preparatorio-para-la-convencion-sobre-especies-migratorias-de-animales-salvajes-cms-sobre-cambio-climatico","status":"publish","type":"post","link":"https:\/\/www.ambienteyenergia.gob.ec\/ambiente\/ecuador-participo-en-taller-preparatorio-para-la-convencion-sobre-especies-migratorias-de-animales-salvajes-cms-sobre-cambio-climatico\/","title":{"rendered":"Ecuador particip\u00f3 en &#8216;Taller preparatorio para la Convenci\u00f3n sobre  Especies Migratorias de Animales Salvajes (CMS) sobre Cambio Clim\u00e1tico&#8217;"},"content":{"rendered":"<p style=\"text-align: justify;\">\u00a0En Costa Rica, se desarroll\u00f3 el taller\u00a0\u201cHacia un Programa de Trabajo de la Convenci\u00f2n sobre Especies Migratorias de Animales Salvajes CMS sobre Cambio Clim\u00e1tico\u00bb. La reuni\u00f3n proporcion\u00f3 la oportunidad para que los participantes contribuyan con sus opiniones y compartan experiencias y buenas pr\u00e1cticas con relaci\u00f3n al impacto del cambio clim\u00e1tico sobre las especies migratorias. Tambi\u00e9n ayud\u00f3 a las Partes a desarrollar directrices nacionales sobre medidas necesarias a fin de ayudar a las especies migratorias en la adaptaci\u00f3n al cambio clim\u00e1tico.<\/p>\n<p style=\"text-align: justify;\">Como parte de los logros de la reuni\u00f3n se pueden destacar\u00a0 propuestas para vincular cambio clim\u00e1tico y especies migratorias; y propuestas de acci\u00f3n a nivel nacional y sub-nacional que reflejen la coordinaci\u00f3n y acercamiento entre la\u00a0 CMS y\u00a0 la Convenci\u00f3n Marco de las Naciones Unidas sobre el Cambio Clim\u00e1tico (CMNUCC). Todas estas iniciativas constan en un documento Borrador de Resoluci\u00f3n relativa a Cambio Clim\u00e1tico y Especies Migratorias que ser\u00e1 propuesta en la COP 11 (Ecuador, noviembre) con el objetivo de adoptar\u00a0 un Programa de Trabajo y resaltar actividades que se\u00a0 desarrollar\u00e1n durante los pr\u00f3ximos tres a\u00f1os.<\/p>\n<p style=\"text-align: justify;\">En el evento oficial participaron representantes del Secretariado de la Convenci\u00f3n sobre\u00a0 Especies Migratorias de Animales Salvajes (CMS), Ministerio del Ambiente del Ecuador a trav\u00e9s de la Subsecretar\u00eda de Cambio Clim\u00e1tico,\u00a0 Ministerio de Ambiente, Energ\u00eda y Mares de Costa Rica (MINAE),\u00a0 Sistema Nacional de \u00c1reas de Conservaci\u00f3n (SINAC), Costa Rica y expertos de varios pa\u00edses<\/p>\n<p style=\"text-align: justify;\"><strong>El dato<\/strong><\/p>\n<p style=\"text-align: justify;\">La Convenci\u00f3n sobre Especies Migratorias (CMS) es una de las primeras Convenciones relacionadas con la biodiversidad que entr\u00f3 en vigor mucho antes que el Convenio sobre la Diversidad Biol\u00f3gica (CBD), desempe\u00f1ando un papel pionero en la promoci\u00f3n e iniciaci\u00f3n de acciones de conservaci\u00f3n y gesti\u00f3n coordinada para las especies animales migratorias, de las cuales \u00abuna parte franquea c\u00edclicamente y de manera previsible uno o varios l\u00edmites de jurisdicci\u00f3n nacional\u00bb (Art\u00edculo I). El fen\u00f3meno de estas migraciones es una parte \u00fanica del patrimonio natural mundial que s\u00f3lo puede ser conservado con los esfuerzos conjuntos de todas las naciones.<\/p>\n","protected":false},"excerpt":{"rendered":"<p class=\"excerpt\">\u00a0En Costa Rica, se desarroll\u00f3 el taller\u00a0\u201cHacia un Programa de Trabajo de la Convenci\u00f2n sobre Especies Migratorias de Animales Salvajes CMS sobre Cambio Clim\u00e1tico\u00bb. La reuni\u00f3n proporcion\u00f3 la oportunidad para que los participantes contribuyan con sus opiniones y compartan experiencias y buenas pr\u00e1cticas con relaci\u00f3n al impacto del cambio clim\u00e1tico sobre las especies migratorias. Tambi\u00e9n ayud\u00f3 a las Partes a&hellip; <a href=\"https:\/\/www.ambienteyenergia.gob.ec\/ambiente\/ecuador-participo-en-taller-preparatorio-para-la-convencion-sobre-especies-migratorias-de-animales-salvajes-cms-sobre-cambio-climatico\/\">Read more &rarr;<\/a><\/p>\n","protected":false},"author":13,"featured_media":19429,"comment_status":"open","ping_status":"open","sticky":false,"template":"","format":"standard","meta":{"footnotes":""},"categories":[16,4],"tags":[],"class_list":["post-19428","post","type-post","status-publish","format-standard","has-post-thumbnail","hentry","category-comunicamos","category-noticias","xfolkentry"],"_links":{"self":[{"href":"https:\/\/www.ambienteyenergia.gob.ec\/ambiente\/wp-json\/wp\/v2\/posts\/19428","targetHints":{"allow":["GET"]}}],"collection":[{"href":"https:\/\/www.ambienteyenergia.gob.ec\/ambiente\/wp-json\/wp\/v2\/posts"}],"about":[{"href":"https:\/\/www.ambienteyenergia.gob.ec\/ambiente\/wp-json\/wp\/v2\/types\/post"}],"author":[{"embeddable":true,"href":"https:\/\/www.ambienteyenergia.gob.ec\/ambiente\/wp-json\/wp\/v2\/users\/13"}],"replies":[{"embeddable":true,"href":"https:\/\/www.ambienteyenergia.gob.ec\/ambiente\/wp-json\/wp\/v2\/comments?post=19428"}],"version-history":[{"count":0,"href":"https:\/\/www.ambienteyenergia.gob.ec\/ambiente\/wp-json\/wp\/v2\/posts\/19428\/revisions"}],"wp:featuredmedia":[{"embeddable":true,"href":"https:\/\/www.ambienteyenergia.gob.ec\/ambiente\/wp-json\/wp\/v2\/media\/19429"}],"wp:attachment":[{"href":"https:\/\/www.ambienteyenergia.gob.ec\/ambiente\/wp-json\/wp\/v2\/media?parent=19428"}],"wp:term":[{"taxonomy":"category","embeddable":true,"href":"https:\/\/www.ambienteyenergia.gob.ec\/ambiente\/wp-json\/wp\/v2\/categories?post=19428"},{"taxonomy":"post_tag","embeddable":true,"href":"https:\/\/www.ambienteyenergia.gob.ec\/ambiente\/wp-json\/wp\/v2\/tags?post=19428"}],"curies":[{"name":"wp","href":"https:\/\/api.w.org\/{rel}","templated":true}]}}