{"id":19423,"date":"2014-04-19T21:10:04","date_gmt":"2014-04-20T02:10:04","guid":{"rendered":"http:\/\/www.ambiente.gob.ec\/?p=19423"},"modified":"2014-04-19T21:35:44","modified_gmt":"2014-04-20T02:35:44","slug":"jornada-de-limpieza-de-playas-deja-excelentes-resultados-en-feriado-de-semana-santa","status":"publish","type":"post","link":"https:\/\/www.ambienteyenergia.gob.ec\/ambiente\/jornada-de-limpieza-de-playas-deja-excelentes-resultados-en-feriado-de-semana-santa\/","title":{"rendered":"Jornada de limpieza de playas deja excelentes resultados en  feriado de Semana Santa"},"content":{"rendered":"<p style=\"text-align: justify;\">Durante el feriado de Semana Santa, el Ministerio del Ambiente del Ecuador (MAE), como parte de la campa\u00f1a \u2018Ecuador Limpio\u2019 despleg\u00f3 un gran contingente de voluntarios a lo largo del perfil costero, con la finalidad de aportar en el cuidado de las playas y crear conciencia en la poblaci\u00f3n sobre el manejo de los residuos.<\/p>\n<p style=\"text-align: justify;\">Funcionarios del MAE coordinaron las jornadas de recolecci\u00f3n en las diferentes provincias de la Costa ecuatoriana para realizar una limpieza integral. El objetivo de esta Cartera de Estado fue lograr mediante la corresponsabilidad ciudadana, una reducci\u00f3n en el impacto ambiental que se genera por arrojar basura en las costas.<\/p>\n<p style=\"text-align: justify;\">De la misma forma, la M\u00e1xima Autoridad Ambiental aprovech\u00f3 las mingas de limpieza para difundir entre la poblaci\u00f3n y turistas,\u00a0 mensajes de concienciaci\u00f3n en cuanto a la separaci\u00f3n de desechos antes de su disposici\u00f3n final, con la finalidad de disminuir los niveles de desechos que se convierten en contaminaci\u00f3n.<\/p>\n<p style=\"text-align: justify;\"><strong>Esmeraldas<\/strong><\/p>\n<p style=\"text-align: justify;\">En la provincia verde la jornada de limpieza se ejecut\u00f3 en siete playas Mompiche (Muisne); Same, Sua, Atacames, Tonsupa (Atacames); Las Palmas (Esmeraldas) y Las Pe\u00f1as (Eloy Alfaro), recolectando un total de 527.55 Kg entre materia org\u00e1nica, pl\u00e1sticos, vidrios, papel y otros. La disposici\u00f3n final de los residuos se destin\u00f3 a los botaderos municipales de Eloy Alfaro, Esmeraldas, Atacames y Muisne, previa coordinaci\u00f3n de la Direcci\u00f3n Provincial de Esmeraldas con los municipios.<\/p>\n<p style=\"text-align: justify;\">La Ministra del Ambiente, Lorena Tapia, resalta que este a\u00f1o, las playas se encuentran m\u00e1s limpias, fruto de la campa\u00f1a de concienciaci\u00f3n y sensibilizaci\u00f3n a los ciudadanos y turistas que acuden a los balnearios, pues en relaci\u00f3n a la Limpieza de Playas del Feriado de Semana Santa del 2013, donde se obtuvo 1540.45 Kg, hoy las costas lucen mejor. \u201cEn Esmeraldas, por ejemplo, se observa una disminuci\u00f3n del 66% de desechos recolectados. La playa que se mantuvo m\u00e1s limpia, a pesar de la afluencia tur\u00edstica, fue Atacames\u201d, recalc\u00f3.<\/p>\n<p style=\"text-align: justify;\"><strong>Otras provincias<\/strong><\/p>\n<p style=\"text-align: justify;\">La contaminaci\u00f3n del ecosistema marino con basura se redujo de manera notable y sostenida, esto se debe a la participaci\u00f3n activa de la comunidad, que refleja una mayor conciencia y compromiso con la protecci\u00f3n de la naturaleza.<\/p>\n<p style=\"text-align: justify;\">En ese sentido, la Direcci\u00f3n Provincial del Ambiente de Santa Elena monitore\u00f3 32 playas de la provincia, desplegando por todo el perfil costero a los t\u00e9cnicos de la Direcci\u00f3n Provincial, en las playas que registraron mayor afluencia tur\u00edstica.<\/p>\n<p style=\"text-align: justify;\">Por su parte, la Direcci\u00f3n Provincial del Ambiente en Guayas particip\u00f3 en la recolecci\u00f3n de desechos en Playas de Villamil y Puerto Engabao, donde se registr\u00f3 el mayor n\u00famero de turistas. Finalmente, en Manab\u00ed, el MAE a parte de las jornadas de limpieza, difundi\u00f3 mensajes alusivos para que los turistas no arrojen basura a las playas.<\/p>\n<p style=\"text-align: justify;\">Durante todo el feriado, los visitantes pudieron disfrutar de playas m\u00e1s limpias, por lo que reconocieron y agradecieron a labor del MAE.<\/p>\n<p style=\"text-align: justify;\">Esta Cartera de Estado, como principal Autoridad Ambiental del pa\u00eds, continuar\u00e1 con esta iniciativa, que toma\u00a0mayor fuerza en sitios tur\u00edsticos, en las \u00e1reas naturales protegidas y en los refugios de vida silvestre.<\/p>\n","protected":false},"excerpt":{"rendered":"<p class=\"excerpt\">Durante el feriado de Semana Santa, el Ministerio del Ambiente del Ecuador (MAE), como parte de la campa\u00f1a \u2018Ecuador Limpio\u2019 despleg\u00f3 un gran contingente de voluntarios a lo largo del perfil costero, con la finalidad de aportar en el cuidado de las playas y crear conciencia en la poblaci\u00f3n sobre el manejo de los residuos. Funcionarios del MAE coordinaron las&hellip; <a href=\"https:\/\/www.ambienteyenergia.gob.ec\/ambiente\/jornada-de-limpieza-de-playas-deja-excelentes-resultados-en-feriado-de-semana-santa\/\">Read more &rarr;<\/a><\/p>\n","protected":false},"author":13,"featured_media":19424,"comment_status":"open","ping_status":"open","sticky":false,"template":"","format":"standard","meta":{"footnotes":""},"categories":[16,4],"tags":[],"class_list":["post-19423","post","type-post","status-publish","format-standard","has-post-thumbnail","hentry","category-comunicamos","category-noticias","xfolkentry"],"_links":{"self":[{"href":"https:\/\/www.ambienteyenergia.gob.ec\/ambiente\/wp-json\/wp\/v2\/posts\/19423","targetHints":{"allow":["GET"]}}],"collection":[{"href":"https:\/\/www.ambienteyenergia.gob.ec\/ambiente\/wp-json\/wp\/v2\/posts"}],"about":[{"href":"https:\/\/www.ambienteyenergia.gob.ec\/ambiente\/wp-json\/wp\/v2\/types\/post"}],"author":[{"embeddable":true,"href":"https:\/\/www.ambienteyenergia.gob.ec\/ambiente\/wp-json\/wp\/v2\/users\/13"}],"replies":[{"embeddable":true,"href":"https:\/\/www.ambienteyenergia.gob.ec\/ambiente\/wp-json\/wp\/v2\/comments?post=19423"}],"version-history":[{"count":0,"href":"https:\/\/www.ambienteyenergia.gob.ec\/ambiente\/wp-json\/wp\/v2\/posts\/19423\/revisions"}],"wp:featuredmedia":[{"embeddable":true,"href":"https:\/\/www.ambienteyenergia.gob.ec\/ambiente\/wp-json\/wp\/v2\/media\/19424"}],"wp:attachment":[{"href":"https:\/\/www.ambienteyenergia.gob.ec\/ambiente\/wp-json\/wp\/v2\/media?parent=19423"}],"wp:term":[{"taxonomy":"category","embeddable":true,"href":"https:\/\/www.ambienteyenergia.gob.ec\/ambiente\/wp-json\/wp\/v2\/categories?post=19423"},{"taxonomy":"post_tag","embeddable":true,"href":"https:\/\/www.ambienteyenergia.gob.ec\/ambiente\/wp-json\/wp\/v2\/tags?post=19423"}],"curies":[{"name":"wp","href":"https:\/\/api.w.org\/{rel}","templated":true}]}}