{"id":19416,"date":"2014-04-17T15:56:37","date_gmt":"2014-04-17T20:56:37","guid":{"rendered":"http:\/\/www.ambiente.gob.ec\/?p=19416"},"modified":"2014-04-17T15:59:05","modified_gmt":"2014-04-17T20:59:05","slug":"mae-santa-elena-reinserta-a-una-hembra-de-lobo-marino-en-la-reserva-marina-el-pelado","status":"publish","type":"post","link":"https:\/\/www.ambienteyenergia.gob.ec\/ambiente\/mae-santa-elena-reinserta-a-una-hembra-de-lobo-marino-en-la-reserva-marina-el-pelado\/","title":{"rendered":"MAE Santa Elena reinserta a una hembra de lobo marino en la Reserva Marina El Pelado"},"content":{"rendered":"<p>El Ministerio del Ambiente, a trav\u00e9s de la Direcci\u00f3n Provincial del Ambiente de Santa Elena en trabajo conjunto con el zool\u00f3gico Acuario de Valdivia procedieron a reinsertar en su h\u00e1bitat Natural a un lobo marino de dos pelos (Arctophoca australis).<br \/>\nEste esp\u00e9cimen de vida silvestre fue hallado deshidratado en las escolleras del Puerto de Anconcito, el pasado 8 de abril. Para evitar una interacci\u00f3n con las redes de pesca fue trasladado hasta el Acuario de Valdivia de la comuna Valdivia para su recuperaci\u00f3n.<\/p>\n<p>El lobo marino es una hembra que present\u00f3 un peso de 60 lbrs. y 1,20 m. de longitud. Una vez hidratado y f\u00edsicamente recuperada fue reinsertada en su h\u00e1bitat natural en la Reserva Marina El Pelado \u201cPlaya Rosada\u201d el d\u00eda 17 de abril del 2014.<\/p>\n","protected":false},"excerpt":{"rendered":"<p class=\"excerpt\">El Ministerio del Ambiente, a trav\u00e9s de la Direcci\u00f3n Provincial del Ambiente de Santa Elena en trabajo conjunto con el zool\u00f3gico Acuario de Valdivia procedieron a reinsertar en su h\u00e1bitat Natural a un lobo marino de dos pelos (Arctophoca australis). Este esp\u00e9cimen de vida silvestre fue hallado deshidratado en las escolleras del Puerto de Anconcito, el pasado 8 de abril.&hellip; <a href=\"https:\/\/www.ambienteyenergia.gob.ec\/ambiente\/mae-santa-elena-reinserta-a-una-hembra-de-lobo-marino-en-la-reserva-marina-el-pelado\/\">Read more &rarr;<\/a><\/p>\n","protected":false},"author":13,"featured_media":19417,"comment_status":"open","ping_status":"open","sticky":false,"template":"","format":"standard","meta":{"footnotes":""},"categories":[16,4],"tags":[],"class_list":["post-19416","post","type-post","status-publish","format-standard","has-post-thumbnail","hentry","category-comunicamos","category-noticias","xfolkentry"],"_links":{"self":[{"href":"https:\/\/www.ambienteyenergia.gob.ec\/ambiente\/wp-json\/wp\/v2\/posts\/19416","targetHints":{"allow":["GET"]}}],"collection":[{"href":"https:\/\/www.ambienteyenergia.gob.ec\/ambiente\/wp-json\/wp\/v2\/posts"}],"about":[{"href":"https:\/\/www.ambienteyenergia.gob.ec\/ambiente\/wp-json\/wp\/v2\/types\/post"}],"author":[{"embeddable":true,"href":"https:\/\/www.ambienteyenergia.gob.ec\/ambiente\/wp-json\/wp\/v2\/users\/13"}],"replies":[{"embeddable":true,"href":"https:\/\/www.ambienteyenergia.gob.ec\/ambiente\/wp-json\/wp\/v2\/comments?post=19416"}],"version-history":[{"count":0,"href":"https:\/\/www.ambienteyenergia.gob.ec\/ambiente\/wp-json\/wp\/v2\/posts\/19416\/revisions"}],"wp:featuredmedia":[{"embeddable":true,"href":"https:\/\/www.ambienteyenergia.gob.ec\/ambiente\/wp-json\/wp\/v2\/media\/19417"}],"wp:attachment":[{"href":"https:\/\/www.ambienteyenergia.gob.ec\/ambiente\/wp-json\/wp\/v2\/media?parent=19416"}],"wp:term":[{"taxonomy":"category","embeddable":true,"href":"https:\/\/www.ambienteyenergia.gob.ec\/ambiente\/wp-json\/wp\/v2\/categories?post=19416"},{"taxonomy":"post_tag","embeddable":true,"href":"https:\/\/www.ambienteyenergia.gob.ec\/ambiente\/wp-json\/wp\/v2\/tags?post=19416"}],"curies":[{"name":"wp","href":"https:\/\/api.w.org\/{rel}","templated":true}]}}