{"id":19412,"date":"2014-04-17T15:22:02","date_gmt":"2014-04-17T20:22:02","guid":{"rendered":"http:\/\/www.ambiente.gob.ec\/?p=19412"},"modified":"2014-04-17T15:22:02","modified_gmt":"2014-04-17T20:22:02","slug":"taller-de-manejo-de-desechos-solidos-en-la-policia-nacional-como-parte-del-proyecto-la-policia-recicla","status":"publish","type":"post","link":"https:\/\/www.ambienteyenergia.gob.ec\/ambiente\/taller-de-manejo-de-desechos-solidos-en-la-policia-nacional-como-parte-del-proyecto-la-policia-recicla\/","title":{"rendered":"Taller de manejo de desechos s\u00f3lidos  en la Polic\u00eda Nacional como parte del proyecto \u201cLa polic\u00eda recicla\u201d"},"content":{"rendered":"<p style=\"text-align: justify;\">El Ministerio del Ambiente, por medio de la Direcci\u00f3n Provincial del Ambiente de Imbabura a trav\u00e9s de la Unidad de Calidad Ambiental, imparti\u00f3 un Taller de manejo de desechos s\u00f3lidos en la Polic\u00eda Nacional como parte del proyecto \u201cLA POLIC\u00cdA RECICLA\u201d mismo que se lleva en marcha conjuntamente con el Gobierno Aut\u00f3nomo Descentralizado (GAD) de San Miguel de Ibarra y la Polic\u00eda\u00a0 Nacional. El evento cont\u00f3 con la participaci\u00f3n de 80 j\u00f3venes\u00a0 aspirantes a Polic\u00eda.<\/p>\n<p>Adem\u00e1s, como parte del proyecto el GAD de San Miguel de Ibarra, realiz\u00f3 la donaci\u00f3n de 9 tachos recolectores que servir\u00e1n para fomentar el reciclaje dentro de la instituci\u00f3n policial.<\/p>\n<p>El MAE busca ejercer en forma eficaz y eficiente la legislaci\u00f3n ambiental vigente en el Ecuador, con el prop\u00f3sito de solucionar los problemas ambientales y promover la mejora continua en todos los procesos productivos mitigando la contaminaci\u00f3n ambiental.<\/p>\n","protected":false},"excerpt":{"rendered":"<p class=\"excerpt\">El Ministerio del Ambiente, por medio de la Direcci\u00f3n Provincial del Ambiente de Imbabura a trav\u00e9s de la Unidad de Calidad Ambiental, imparti\u00f3 un Taller de manejo de desechos s\u00f3lidos en la Polic\u00eda Nacional como parte del proyecto \u201cLA POLIC\u00cdA RECICLA\u201d mismo que se lleva en marcha conjuntamente con el Gobierno Aut\u00f3nomo Descentralizado (GAD) de San Miguel de Ibarra y&hellip; <a href=\"https:\/\/www.ambienteyenergia.gob.ec\/ambiente\/taller-de-manejo-de-desechos-solidos-en-la-policia-nacional-como-parte-del-proyecto-la-policia-recicla\/\">Read more &rarr;<\/a><\/p>\n","protected":false},"author":13,"featured_media":19413,"comment_status":"open","ping_status":"open","sticky":false,"template":"","format":"standard","meta":{"footnotes":""},"categories":[16,4],"tags":[],"class_list":["post-19412","post","type-post","status-publish","format-standard","has-post-thumbnail","hentry","category-comunicamos","category-noticias","xfolkentry"],"_links":{"self":[{"href":"https:\/\/www.ambienteyenergia.gob.ec\/ambiente\/wp-json\/wp\/v2\/posts\/19412","targetHints":{"allow":["GET"]}}],"collection":[{"href":"https:\/\/www.ambienteyenergia.gob.ec\/ambiente\/wp-json\/wp\/v2\/posts"}],"about":[{"href":"https:\/\/www.ambienteyenergia.gob.ec\/ambiente\/wp-json\/wp\/v2\/types\/post"}],"author":[{"embeddable":true,"href":"https:\/\/www.ambienteyenergia.gob.ec\/ambiente\/wp-json\/wp\/v2\/users\/13"}],"replies":[{"embeddable":true,"href":"https:\/\/www.ambienteyenergia.gob.ec\/ambiente\/wp-json\/wp\/v2\/comments?post=19412"}],"version-history":[{"count":0,"href":"https:\/\/www.ambienteyenergia.gob.ec\/ambiente\/wp-json\/wp\/v2\/posts\/19412\/revisions"}],"wp:featuredmedia":[{"embeddable":true,"href":"https:\/\/www.ambienteyenergia.gob.ec\/ambiente\/wp-json\/wp\/v2\/media\/19413"}],"wp:attachment":[{"href":"https:\/\/www.ambienteyenergia.gob.ec\/ambiente\/wp-json\/wp\/v2\/media?parent=19412"}],"wp:term":[{"taxonomy":"category","embeddable":true,"href":"https:\/\/www.ambienteyenergia.gob.ec\/ambiente\/wp-json\/wp\/v2\/categories?post=19412"},{"taxonomy":"post_tag","embeddable":true,"href":"https:\/\/www.ambienteyenergia.gob.ec\/ambiente\/wp-json\/wp\/v2\/tags?post=19412"}],"curies":[{"name":"wp","href":"https:\/\/api.w.org\/{rel}","templated":true}]}}