{"id":19406,"date":"2014-04-17T10:50:55","date_gmt":"2014-04-17T15:50:55","guid":{"rendered":"http:\/\/www.ambiente.gob.ec\/?p=19406"},"modified":"2014-04-17T10:50:55","modified_gmt":"2014-04-17T15:50:55","slug":"jovenes-del-servicio-civil-ciudadano-reciclan-69-m3-de-envases-plasticos-en-chimborazo","status":"publish","type":"post","link":"https:\/\/www.ambienteyenergia.gob.ec\/ambiente\/jovenes-del-servicio-civil-ciudadano-reciclan-69-m3-de-envases-plasticos-en-chimborazo\/","title":{"rendered":"J\u00f3venes del Servicio Civil Ciudadano reciclan 6,9 m3 de envases pl\u00e1sticos en Chimborazo"},"content":{"rendered":"<p style=\"text-align: justify;\">El Ministerio del Ambiente (MAE) en colaboraci\u00f3n con los J\u00f3venes del Proyecto Servicio Civil Ciudadano (SCC), fomenta en la provincia de Chimborazo el manejo adecuado de desechos mediante el reciclaje, con la finalidad de contribuir a la mitigaci\u00f3n de la contaminaci\u00f3n ambiental y al consumo responsable de productos con envases pl\u00e1sticos.<\/p>\n<p style=\"text-align: justify;\">\nLos j\u00f3venes participantes del Proyecto aprovecharon el recorrido por las \u00c1reas Protegidas y espacios p\u00fablicos para recolectar envases pl\u00e1sticos que la ciudadan\u00eda arroja en las zonas. El trabajo en equipo de los participantes de Gesti\u00f3n Ambiental obtuvo como resultado 0.69 m3 de envases pl\u00e1sticos reciclados.<\/p>\n<p style=\"text-align: justify;\">\nHasta el momento los j\u00f3venes han reciclado 6,9 m3 de envases pl\u00e1sticos en la provincia de Chimborazo en menos de 2 meses. En los pr\u00f3ximos d\u00edas, los envases recolectados ser\u00e1n comercializados en un centro de reciclaje ubicado en el cant\u00f3n Riobamba.<\/p>\n<p style=\"text-align: justify;\">\nEl MAE interviene continuamente en los diferentes sectores sociales con talleres de Educaci\u00f3n Ambiental, fomenta a trav\u00e9s de la pr\u00e1ctica, alternativas para la adecuada gesti\u00f3n de desechos en el Ecuador.<\/p>\n<p><strong>DIRECCI\u00d3N PROVINCIAL DEL AMBIENTE DE CHIMBORAZO<\/strong><br \/>\n<strong>COMUNICACI\u00d3N INSTITUCIONAL\u00a0<\/strong><\/p>\n","protected":false},"excerpt":{"rendered":"<p class=\"excerpt\">El Ministerio del Ambiente (MAE) en colaboraci\u00f3n con los J\u00f3venes del Proyecto Servicio Civil Ciudadano (SCC), fomenta en la provincia de Chimborazo el manejo adecuado de desechos mediante el reciclaje, con la finalidad de contribuir a la mitigaci\u00f3n de la contaminaci\u00f3n ambiental y al consumo responsable de productos con envases pl\u00e1sticos. Los j\u00f3venes participantes del Proyecto aprovecharon el recorrido por&hellip; <a href=\"https:\/\/www.ambienteyenergia.gob.ec\/ambiente\/jovenes-del-servicio-civil-ciudadano-reciclan-69-m3-de-envases-plasticos-en-chimborazo\/\">Read more &rarr;<\/a><\/p>\n","protected":false},"author":13,"featured_media":19407,"comment_status":"open","ping_status":"open","sticky":false,"template":"","format":"standard","meta":{"footnotes":""},"categories":[16,4],"tags":[],"class_list":["post-19406","post","type-post","status-publish","format-standard","has-post-thumbnail","hentry","category-comunicamos","category-noticias","xfolkentry"],"_links":{"self":[{"href":"https:\/\/www.ambienteyenergia.gob.ec\/ambiente\/wp-json\/wp\/v2\/posts\/19406","targetHints":{"allow":["GET"]}}],"collection":[{"href":"https:\/\/www.ambienteyenergia.gob.ec\/ambiente\/wp-json\/wp\/v2\/posts"}],"about":[{"href":"https:\/\/www.ambienteyenergia.gob.ec\/ambiente\/wp-json\/wp\/v2\/types\/post"}],"author":[{"embeddable":true,"href":"https:\/\/www.ambienteyenergia.gob.ec\/ambiente\/wp-json\/wp\/v2\/users\/13"}],"replies":[{"embeddable":true,"href":"https:\/\/www.ambienteyenergia.gob.ec\/ambiente\/wp-json\/wp\/v2\/comments?post=19406"}],"version-history":[{"count":0,"href":"https:\/\/www.ambienteyenergia.gob.ec\/ambiente\/wp-json\/wp\/v2\/posts\/19406\/revisions"}],"wp:featuredmedia":[{"embeddable":true,"href":"https:\/\/www.ambienteyenergia.gob.ec\/ambiente\/wp-json\/wp\/v2\/media\/19407"}],"wp:attachment":[{"href":"https:\/\/www.ambienteyenergia.gob.ec\/ambiente\/wp-json\/wp\/v2\/media?parent=19406"}],"wp:term":[{"taxonomy":"category","embeddable":true,"href":"https:\/\/www.ambienteyenergia.gob.ec\/ambiente\/wp-json\/wp\/v2\/categories?post=19406"},{"taxonomy":"post_tag","embeddable":true,"href":"https:\/\/www.ambienteyenergia.gob.ec\/ambiente\/wp-json\/wp\/v2\/tags?post=19406"}],"curies":[{"name":"wp","href":"https:\/\/api.w.org\/{rel}","templated":true}]}}