{"id":19402,"date":"2014-04-17T10:46:41","date_gmt":"2014-04-17T15:46:41","guid":{"rendered":"http:\/\/www.ambiente.gob.ec\/?p=19402"},"modified":"2014-04-17T10:46:41","modified_gmt":"2014-04-17T15:46:41","slug":"propuesta-de-declaratoria-de-emergencia-sanitaria-del-rio-portoviejo","status":"publish","type":"post","link":"https:\/\/www.ambienteyenergia.gob.ec\/ambiente\/propuesta-de-declaratoria-de-emergencia-sanitaria-del-rio-portoviejo\/","title":{"rendered":"Propuesta de declaratoria de emergencia sanitaria del Rio Portoviejo"},"content":{"rendered":"<p style=\"text-align: justify;\">Por iniciativa del Ministerio del Ambiente, se realiz\u00f3 una reunieron con delegados de la Secretaria Nacional del Agua (SENAGUA) y el Ministerio de Salud con el objetivo de\u00a0 escuchar en primera instancia la exposici\u00f3n t\u00e9cnica referente al diagnostico actual del cauce del Rio Portoviejo.<\/p>\n<p style=\"text-align: justify;\">T\u00e9cnicos del MAE, ante denuncias realizadas por ciudadanos del sector, con respecto a las descargas de aguas servidas a las que es expuesto el cauce del Rio Portoviejo, tomaron muestras en varios puntos de los 132 kil\u00f3metros del rio.<\/p>\n<p style=\"text-align: justify;\">\nPosteriormente la muestras fueron analizadas por un laboratorio acreditado por la Organizaci\u00f3n de Acreditaci\u00f3n Ecuatoriana (OAE), determinando que los valores de coliformes fecales, se encuentran sobre el l\u00edmite m\u00e1ximo permisible.<\/p>\n<p style=\"text-align: justify;\">\nLos resultados permitieron identificar que durante la \u00e9poca de verano la capacidad de auto purificaci\u00f3n natural ha sido ampliamente rebasada por las descargas existentes en el caudal. La exposici\u00f3n de la poblaci\u00f3n a estos niveles de contaminaci\u00f3n en el agua puede resultar en graves problemas de salud tanto agudos como cr\u00f3nicos.<\/p>\n<p style=\"text-align: justify;\">\nReportes estad\u00edsticos\u00a0 emitidos por el Ministerio de Salud, durante los a\u00f1os 2012 y 2013, referentes a las enfermedades diarreicas agudas, permitieron conocer que 73.257 habitantes estuvieron expuestos a este tipo de patolog\u00eda, asociada al consumo de agua con niveles de contaminaci\u00f3n, de los cuales 63% corresponden a ni\u00f1os y ni\u00f1as de 1 a 4 a\u00f1os de edad, 26 % a ni\u00f1as y ni\u00f1as entre 1 y 11 meses y 11% ni\u00f1os y ni\u00f1as de 5 a 9 a\u00f1os.<\/p>\n<p style=\"text-align: justify;\">\nPor lo antes expuesto,\u00a0 las entidades involucradas determinaron que una de las opciones\u00a0 a emprender\u00a0 de manera paralela,\u00a0 es solicitar a la Presidencia de la Rep\u00fablica la declaratoria de emergencia sanitaria del Rio Portoviejo, as\u00ed mismo que el MAE declare \u00e1rea protegida a la cuenca del Rio Portoviejo.<\/p>\n<p style=\"text-align: justify;\">\nEl 16 de Abril, la Direcci\u00f3n Provincial de Ambiente de Manab\u00ed,\u00a0 entreg\u00f3 a la Gobernadora de la Provincia, Susana Due\u00f1as de la Torre, la documentaci\u00f3n de respaldo para que se la analice en una reuni\u00f3n del Comit\u00e9 de Operaciones Emergentes (COE)\u00a0 y se canalice una soluci\u00f3n integral a la problem\u00e1tica ambiental y de salud de este importante cuerpo h\u00eddrico de la provincia.<\/p>\n","protected":false},"excerpt":{"rendered":"<p class=\"excerpt\">Por iniciativa del Ministerio del Ambiente, se realiz\u00f3 una reunieron con delegados de la Secretaria Nacional del Agua (SENAGUA) y el Ministerio de Salud con el objetivo de\u00a0 escuchar en primera instancia la exposici\u00f3n t\u00e9cnica referente al diagnostico actual del cauce del Rio Portoviejo. T\u00e9cnicos del MAE, ante denuncias realizadas por ciudadanos del sector, con respecto a las descargas de&hellip; <a href=\"https:\/\/www.ambienteyenergia.gob.ec\/ambiente\/propuesta-de-declaratoria-de-emergencia-sanitaria-del-rio-portoviejo\/\">Read more &rarr;<\/a><\/p>\n","protected":false},"author":13,"featured_media":19403,"comment_status":"open","ping_status":"open","sticky":false,"template":"","format":"standard","meta":{"footnotes":""},"categories":[16,4],"tags":[],"class_list":["post-19402","post","type-post","status-publish","format-standard","has-post-thumbnail","hentry","category-comunicamos","category-noticias","xfolkentry"],"_links":{"self":[{"href":"https:\/\/www.ambienteyenergia.gob.ec\/ambiente\/wp-json\/wp\/v2\/posts\/19402","targetHints":{"allow":["GET"]}}],"collection":[{"href":"https:\/\/www.ambienteyenergia.gob.ec\/ambiente\/wp-json\/wp\/v2\/posts"}],"about":[{"href":"https:\/\/www.ambienteyenergia.gob.ec\/ambiente\/wp-json\/wp\/v2\/types\/post"}],"author":[{"embeddable":true,"href":"https:\/\/www.ambienteyenergia.gob.ec\/ambiente\/wp-json\/wp\/v2\/users\/13"}],"replies":[{"embeddable":true,"href":"https:\/\/www.ambienteyenergia.gob.ec\/ambiente\/wp-json\/wp\/v2\/comments?post=19402"}],"version-history":[{"count":0,"href":"https:\/\/www.ambienteyenergia.gob.ec\/ambiente\/wp-json\/wp\/v2\/posts\/19402\/revisions"}],"wp:featuredmedia":[{"embeddable":true,"href":"https:\/\/www.ambienteyenergia.gob.ec\/ambiente\/wp-json\/wp\/v2\/media\/19403"}],"wp:attachment":[{"href":"https:\/\/www.ambienteyenergia.gob.ec\/ambiente\/wp-json\/wp\/v2\/media?parent=19402"}],"wp:term":[{"taxonomy":"category","embeddable":true,"href":"https:\/\/www.ambienteyenergia.gob.ec\/ambiente\/wp-json\/wp\/v2\/categories?post=19402"},{"taxonomy":"post_tag","embeddable":true,"href":"https:\/\/www.ambienteyenergia.gob.ec\/ambiente\/wp-json\/wp\/v2\/tags?post=19402"}],"curies":[{"name":"wp","href":"https:\/\/api.w.org\/{rel}","templated":true}]}}