{"id":19395,"date":"2014-04-16T17:30:04","date_gmt":"2014-04-16T22:30:04","guid":{"rendered":"http:\/\/www.ambiente.gob.ec\/?p=19395"},"modified":"2014-04-17T08:17:57","modified_gmt":"2014-04-17T13:17:57","slug":"lorena-tapia-ministra-del-ambiente-socializo-sobre-recursos-geneticos-en-medios-de-comunicacion","status":"publish","type":"post","link":"https:\/\/www.ambienteyenergia.gob.ec\/ambiente\/lorena-tapia-ministra-del-ambiente-socializo-sobre-recursos-geneticos-en-medios-de-comunicacion\/","title":{"rendered":"Ministra Tapia confirma a la biodiversidad y recursos gen\u00e9ticos como recurso estrat\u00e9gico para fortalecer cambio de matriz productiva"},"content":{"rendered":"<p style=\"text-align: justify;\">El d\u00eda de hoy la Ministra del Ambiente, Lorena Tapia visit\u00f3 varios medios de comunicaci\u00f3n de Quito para socializar sobre la importancia de recursos gen\u00e9ticos con la finalidad de exponer la postura del Ministerio del Ambiente (MAE) sobre los proyectos que se llevan a cabo en relaci\u00f3n a este tema de vital importancia para la conservaci\u00f3n de nuestro pa\u00eds, as\u00ed como para la protecci\u00f3n de su patrimonio biol\u00f3gico y ecosist\u00e9mico.<\/p>\n<p style=\"text-align: justify;\">El Gobierno del Ecuador expidi\u00f3 el \u201cReglamento Nacional al R\u00e9gimen Com\u00fan Sobre Acceso a los Recursos Gen\u00e9ticos en Aplicaci\u00f3n a la Decisi\u00f3n 391 de la Comunidad Andina\u201d, mediante Decreto Ejecutivo 905, publicado en el Registro Oficial No. 553 del 11 de octubre de 2011.<\/p>\n<p style=\"text-align: justify;\">Por tal motivo, y en cumplimiento con lo establecido en los art\u00edculos 25 al 31 del mencionado Reglamento, el MAE como m\u00e1xima Autoridad Ambiental Nacional determinar\u00e1 las condiciones b\u00e1sicas para la negociaci\u00f3n de contratos de acceso a recursos gen\u00e9ticos y determinar\u00e1 las cl\u00e1usulas m\u00ednimas que obligatoriamente contendr\u00e1 dicho instrumento.<\/p>\n<p style=\"text-align: justify;\">En este contexto esta Cartera de Estado recept\u00f3 la solicitud de acceso denominada: \u00abPRUEBAS DE DEGRADACI\u00d3N DE POLIESTER POLIURETANO CON EL HONGO <i>Pestaloptiopsis<\/i> <i>microespora <\/i>cepa end\u00f3fita ecuatoriana E2712A\u00bb, solicitada por el Dr. Scott Strobell de la Universidad de Yale de los Estados Unidos de Am\u00e9rica a trav\u00e9s de la Pontificia Universidad Cat\u00f3lica del Ecuador mediante Resoluci\u00f3n 003 publicada en el Registro Oficial 186 del 18 de febrero de 2014, la misma que se encuentra en proceso de estudio para su valoraci\u00f3n.<\/p>\n<p style=\"text-align: justify;\">Durante su visita a los medios de comunicaci\u00f3n, Lorena Tapia, enfatiz\u00f3 sobre la importancia de reconocer la gesti\u00f3n de conocimiento como un bien p\u00fablico. \u201cEl bioconocimiento es el futuro motor de la producci\u00f3n de bienes y servicios derivados de la biodiversidad, que no solo permitan al Ecuador diversificar la matriz de producci\u00f3n y consumo nacional, sino que est\u00e9 en la capacidad de generar una oferta exportable de productos y servicios de alto valor agregado, siempre pensando en el bienestar de los ecuatorianos y de nuestros recursos naturales\u201d.<\/p>\n<p style=\"text-align: justify;\"><em>Para tal efecto, m<\/em><em>ediante acuerdo Presidencial N\u00b0 245 emitido el 24 de febrero de 2014, de acuerdo al art\u00edculo 1, se decret\u00f3 la creaci\u00f3n del Instituto Nacional de Biodiversidad, adscrita al Ministerio del Ambiente, con personalidad jur\u00eddica de derecho p\u00fablico, con independencia funcional, administrativa, financiera y presupuestaria, con jurisdicci\u00f3n nacional.<\/em><\/p>\n<p style=\"text-align: justify;\"><em>\u201c<\/em><em>Para el Ministerio del Ambiente es un hito hist\u00f3rico la creaci\u00f3n del instituto, pues este se encargar\u00e1 de generar el conocimiento y desarrollar ciencia, tecnolog\u00eda e innovaci\u00f3n que requiere el Estado ecuatoriano para garantizar la conservaci\u00f3n de su patrimonio natural mediante el uso soberano, estrat\u00e9gico y sustentable de la biodiversidad y sus componentes para la consolidaci\u00f3n de la sociedad del Buen Vivir\u201d, asegur\u00f3 Lorena Tapia.<\/em><\/p>\n<p style=\"text-align: justify;\">Ecuador es el \u00fanico pa\u00eds que establece en su Constituci\u00f3n el Derecho a la Naturaleza y por ello la mayor prioridad del gobierno nacional, en materia ambiental, a trav\u00e9s de esta Cartera de Estado, es preservar nuestra Biodiversidad pues de su cuidado depende la vida de nuestras futuras generaciones.<\/p>\n<p style=\"text-align: justify;\">Con la definici\u00f3n de estas pol\u00edticas y sus entes rectores se busca profundizar el conocimiento<b> <\/b>de la diversidad biol\u00f3gica en todos sus niveles de organizaci\u00f3n: genes, especies y ecosistemas, como base para consolidar el proceso de transformaci\u00f3n, diversificaci\u00f3n y especializaci\u00f3n productiva del pa\u00eds.<\/p>\n<p style=\"text-align: justify;\">\u201cLa posibilidad de generar bioconocimiento como una fuente importante para nuestro pa\u00eds en el marco del cambio de la matriz productiva de recursos futuros, ayudar\u00e1 a fortalecer el desarrollo de la medicina, industria, soberan\u00eda alimentaria y la transformaci\u00f3n de la matriz productiva y energ\u00e9tica del pa\u00eds. As\u00ed tambi\u00e9n permitir\u00e1 la conservaci\u00f3n <i>in situ<\/i> y <i>ex situ<\/i> de la biodiversidad, la restauraci\u00f3n de paisajes degradados y el aprovechamiento de los servicios de los ecosistemas\u201d, recalc\u00f3 Tapia.<\/p>\n<p style=\"text-align: justify;\">Para el gobierno de la revoluci\u00f3n ciudadana, y en particular para el MAE, uno de los objetivos fundamentales es la promoci\u00f3n de la investigaci\u00f3n en todos los niveles que respondan hacia el cambio de la matriz productiva, generando procesos que vayan de la mano junto con la investigaci\u00f3n, el desarrollo y la innovaci\u00f3n tecnol\u00f3gica.<\/p>\n","protected":false},"excerpt":{"rendered":"<p class=\"excerpt\">El d\u00eda de hoy la Ministra del Ambiente, Lorena Tapia visit\u00f3 varios medios de comunicaci\u00f3n de Quito para socializar sobre la importancia de recursos gen\u00e9ticos con la finalidad de exponer la postura del Ministerio del Ambiente (MAE) sobre los proyectos que se llevan a cabo en relaci\u00f3n a este tema de vital importancia para la conservaci\u00f3n de nuestro pa\u00eds, as\u00ed&hellip; <a href=\"https:\/\/www.ambienteyenergia.gob.ec\/ambiente\/lorena-tapia-ministra-del-ambiente-socializo-sobre-recursos-geneticos-en-medios-de-comunicacion\/\">Read more &rarr;<\/a><\/p>\n","protected":false},"author":13,"featured_media":19396,"comment_status":"open","ping_status":"open","sticky":false,"template":"","format":"standard","meta":{"footnotes":""},"categories":[16,4],"tags":[51,403,450,387,451],"class_list":["post-19395","post","type-post","status-publish","format-standard","has-post-thumbnail","hentry","category-comunicamos","category-noticias","tag-ambiente","tag-biodiversidad","tag-guillaume-long","tag-mae-lorena-tapia","tag-recursos-geneticos","xfolkentry"],"_links":{"self":[{"href":"https:\/\/www.ambienteyenergia.gob.ec\/ambiente\/wp-json\/wp\/v2\/posts\/19395","targetHints":{"allow":["GET"]}}],"collection":[{"href":"https:\/\/www.ambienteyenergia.gob.ec\/ambiente\/wp-json\/wp\/v2\/posts"}],"about":[{"href":"https:\/\/www.ambienteyenergia.gob.ec\/ambiente\/wp-json\/wp\/v2\/types\/post"}],"author":[{"embeddable":true,"href":"https:\/\/www.ambienteyenergia.gob.ec\/ambiente\/wp-json\/wp\/v2\/users\/13"}],"replies":[{"embeddable":true,"href":"https:\/\/www.ambienteyenergia.gob.ec\/ambiente\/wp-json\/wp\/v2\/comments?post=19395"}],"version-history":[{"count":0,"href":"https:\/\/www.ambienteyenergia.gob.ec\/ambiente\/wp-json\/wp\/v2\/posts\/19395\/revisions"}],"wp:featuredmedia":[{"embeddable":true,"href":"https:\/\/www.ambienteyenergia.gob.ec\/ambiente\/wp-json\/wp\/v2\/media\/19396"}],"wp:attachment":[{"href":"https:\/\/www.ambienteyenergia.gob.ec\/ambiente\/wp-json\/wp\/v2\/media?parent=19395"}],"wp:term":[{"taxonomy":"category","embeddable":true,"href":"https:\/\/www.ambienteyenergia.gob.ec\/ambiente\/wp-json\/wp\/v2\/categories?post=19395"},{"taxonomy":"post_tag","embeddable":true,"href":"https:\/\/www.ambienteyenergia.gob.ec\/ambiente\/wp-json\/wp\/v2\/tags?post=19395"}],"curies":[{"name":"wp","href":"https:\/\/api.w.org\/{rel}","templated":true}]}}