{"id":19392,"date":"2014-04-16T14:47:43","date_gmt":"2014-04-16T19:47:43","guid":{"rendered":"http:\/\/www.ambiente.gob.ec\/?p=19392"},"modified":"2014-04-16T14:47:43","modified_gmt":"2014-04-16T19:47:43","slug":"mae-impulsa-planificacion-ambiental-sobre-biodiversidad","status":"publish","type":"post","link":"https:\/\/www.ambienteyenergia.gob.ec\/ambiente\/mae-impulsa-planificacion-ambiental-sobre-biodiversidad\/","title":{"rendered":"MAE impulsa planificaci\u00f3n ambiental sobre biodiversidad"},"content":{"rendered":"<p style=\"text-align: justify;\">Hoy, en el marco de la implementaci\u00f3n de la Estrategia Nacional de Biodiversidad (ENB), el Ministerio del Ambiente del Ecuador (MAE), a trav\u00e9s de la Subsecretar\u00eda de Patrimonio Natural, asisti\u00f3 a la inauguraci\u00f3n del Primer Di\u00e1logo sobre la implementaci\u00f3n de acciones relacionadas a la gesti\u00f3n de pol\u00edticas p\u00fablicas interinstitucionales para el manejo de la biodiversidad en el pa\u00eds.<\/p>\n<p style=\"text-align: justify;\">El titular de la Subsecretar\u00eda de Patrimonio, Christian Ter\u00e1n, destac\u00f3 durante esta cita, la importancia de gestionar una articulaci\u00f3n efectiva responsable con otras entidades gubernamentales y organizaciones privadas, las cuales permitir\u00e1n consolidar el cumplimiento de los objetivos de la Estrategia Nacional de Biodiversidad.<\/p>\n<p style=\"text-align: justify;\">\u201cPor primera vez, el cuidado de nuestra biodiversidad biol\u00f3gica forma parte de las pol\u00edticas p\u00fablicas nacionales y las directrices que como pa\u00eds queremos asumir para concretar un nuevo modelo estrat\u00e9gico de planificaci\u00f3n hacia el Buen Vivir\u201d, enfatiz\u00f3 el Subsecretario Ter\u00e1n.<\/p>\n<p style=\"text-align: justify;\">De su parte, Segundo Fuentes, Director Provincial del Ambiente de Imbabura, recalc\u00f3 la importancia de la preservaci\u00f3n de la biodiversidad, pues permite generar la sostenibilidad de la conservaci\u00f3n de los ecosistemas protegidos como bosques y \u00e1reas naturales.<\/p>\n<p style=\"text-align: justify;\">La Constituci\u00f3n del 2008 promueve una transformaci\u00f3n en la gesti\u00f3n del sector ambiental, debido a que promulga los derechos de la naturaleza y afirma el principio de soberan\u00eda sobre los recursos naturales.<\/p>\n<p style=\"text-align: justify;\">En concordancia a la legislaci\u00f3n nacional vigente, la ENB promueve un cambio de paradigma en la gesti\u00f3n de la biodiversidad en el pa\u00eds. El comit\u00e9 de dicha Estrategia est\u00e1 conformado por el Ministerio Coordinador de Sectores Estrat\u00e9gicos, Ministerio Coordinador de Conocimiento y Talento Humano, Secretar\u00eda Nacional de Planificaci\u00f3n y Desarrollo, y Ministerio de Finanzas.<\/p>\n<p style=\"text-align: justify;\">Entre los principales objetivos de la ENB constan que en el 2016 el Ecuador contar\u00e1 con un inventario nacional de recursos vivos y no vivos del mar territorial; mientras que para el 2017 el pa\u00eds aumentar\u00e1 la proporci\u00f3n del territorio continental bajo conservaci\u00f3n o manejo ambiental al 35,9%.<\/p>\n<p style=\"text-align: justify;\">\u201cHoy en esta inauguraci\u00f3n de encuentros, el Ministerio del Ambiente resalta la decisi\u00f3n pol\u00edtica y la oportunidad hist\u00f3rica que tiene el Ecuador de ser un referente en materia ambiental y en el tratamiento de su biodiversidad\u201d, concluy\u00f3 Ter\u00e1n.<\/p>\n<p style=\"text-align: justify;\"><strong>\u00a0El dato<\/strong><\/p>\n<p style=\"text-align: justify;\">\u2022 El Ecuador suscribi\u00f3 el Convenio sobre la Diversidad Biol\u00f3gica (CDB) el 18 de enero de 1993 y lo ratific\u00f3 el 16 de marzo del mismo a\u00f1o.<\/p>\n<p style=\"text-align: justify;\">\u2022 El Convenio sobre de Diversidad Biol\u00f3gica es el instrumento de mayor relevancia a nivel internacional que promueve la conservaci\u00f3n de la biodiversidad.<\/p>\n<p>&nbsp;<\/p>\n","protected":false},"excerpt":{"rendered":"<p class=\"excerpt\">Hoy, en el marco de la implementaci\u00f3n de la Estrategia Nacional de Biodiversidad (ENB), el Ministerio del Ambiente del Ecuador (MAE), a trav\u00e9s de la Subsecretar\u00eda de Patrimonio Natural, asisti\u00f3 a la inauguraci\u00f3n del Primer Di\u00e1logo sobre la implementaci\u00f3n de acciones relacionadas a la gesti\u00f3n de pol\u00edticas p\u00fablicas interinstitucionales para el manejo de la biodiversidad en el pa\u00eds. El titular&hellip; <a href=\"https:\/\/www.ambienteyenergia.gob.ec\/ambiente\/mae-impulsa-planificacion-ambiental-sobre-biodiversidad\/\">Read more &rarr;<\/a><\/p>\n","protected":false},"author":13,"featured_media":19393,"comment_status":"open","ping_status":"open","sticky":false,"template":"","format":"standard","meta":{"footnotes":""},"categories":[16,4],"tags":[403,108,53,126],"class_list":["post-19392","post","type-post","status-publish","format-standard","has-post-thumbnail","hentry","category-comunicamos","category-noticias","tag-biodiversidad","tag-lorena-tapia","tag-mae","tag-ministra-del-ambiente","xfolkentry"],"_links":{"self":[{"href":"https:\/\/www.ambienteyenergia.gob.ec\/ambiente\/wp-json\/wp\/v2\/posts\/19392","targetHints":{"allow":["GET"]}}],"collection":[{"href":"https:\/\/www.ambienteyenergia.gob.ec\/ambiente\/wp-json\/wp\/v2\/posts"}],"about":[{"href":"https:\/\/www.ambienteyenergia.gob.ec\/ambiente\/wp-json\/wp\/v2\/types\/post"}],"author":[{"embeddable":true,"href":"https:\/\/www.ambienteyenergia.gob.ec\/ambiente\/wp-json\/wp\/v2\/users\/13"}],"replies":[{"embeddable":true,"href":"https:\/\/www.ambienteyenergia.gob.ec\/ambiente\/wp-json\/wp\/v2\/comments?post=19392"}],"version-history":[{"count":0,"href":"https:\/\/www.ambienteyenergia.gob.ec\/ambiente\/wp-json\/wp\/v2\/posts\/19392\/revisions"}],"wp:featuredmedia":[{"embeddable":true,"href":"https:\/\/www.ambienteyenergia.gob.ec\/ambiente\/wp-json\/wp\/v2\/media\/19393"}],"wp:attachment":[{"href":"https:\/\/www.ambienteyenergia.gob.ec\/ambiente\/wp-json\/wp\/v2\/media?parent=19392"}],"wp:term":[{"taxonomy":"category","embeddable":true,"href":"https:\/\/www.ambienteyenergia.gob.ec\/ambiente\/wp-json\/wp\/v2\/categories?post=19392"},{"taxonomy":"post_tag","embeddable":true,"href":"https:\/\/www.ambienteyenergia.gob.ec\/ambiente\/wp-json\/wp\/v2\/tags?post=19392"}],"curies":[{"name":"wp","href":"https:\/\/api.w.org\/{rel}","templated":true}]}}