{"id":19383,"date":"2014-04-15T12:36:05","date_gmt":"2014-04-15T17:36:05","guid":{"rendered":"http:\/\/www.ambiente.gob.ec\/?p=19383"},"modified":"2014-04-15T12:36:05","modified_gmt":"2014-04-15T17:36:05","slug":"decomiso-de-madera-ilegal-en-la-provincia-bolivar","status":"publish","type":"post","link":"https:\/\/www.ambienteyenergia.gob.ec\/ambiente\/decomiso-de-madera-ilegal-en-la-provincia-bolivar\/","title":{"rendered":"Decomiso de madera ilegal en la Provincia Bol\u00edvar"},"content":{"rendered":"<p style=\"text-align: justify;\">El Ministerio del Ambiente (MAE), a trav\u00e9s de la Direcci\u00f3n Provincial del Ambiente Bol\u00edvar (DPAB) el pasado 11 de Abril, realiz\u00f3 un operativo en coordinaci\u00f3n con los miembros de la Polic\u00eda Nacional y Fuerzas Armadas de la brigada Gal\u00e1pagos para proceder con el decomiso del producto forestal que se encontr\u00f3 en el Sector de Pambabuela, Parroquia Salinas, Provincia Bol\u00edvar.<\/p>\n<p style=\"text-align: justify;\">\nEl lugar, en donde se encontr\u00f3 el material forestal, funcionaba como centro de acopio ilegal y no contaban con los documentos que legalicen la producci\u00f3n maderera aprovechable. Durante el operativo participaron 15 elementos de la Polic\u00eda Nacional y 11 elementos de las Fuerzas Armadas.<\/p>\n<p style=\"text-align: justify;\">\nEn el sector se decomiso un total de 32.73 m3 de madera de la especie pino, aserrada y rolliza. El producto forestal decomisado se transport\u00f3 a los patios de la DPAB de la ciudad de Guaranda, en el cual permanecer\u00e1 retenido.<\/p>\n<p style=\"text-align: justify;\">\nLa Direcci\u00f3n Provincial del Ambiente Bol\u00edvar iniciar\u00e1 el respectivo proceso administrativo a trav\u00e9s de la Unidad de asesor\u00eda Jur\u00eddica.<\/p>\n","protected":false},"excerpt":{"rendered":"<p class=\"excerpt\">El Ministerio del Ambiente (MAE), a trav\u00e9s de la Direcci\u00f3n Provincial del Ambiente Bol\u00edvar (DPAB) el pasado 11 de Abril, realiz\u00f3 un operativo en coordinaci\u00f3n con los miembros de la Polic\u00eda Nacional y Fuerzas Armadas de la brigada Gal\u00e1pagos para proceder con el decomiso del producto forestal que se encontr\u00f3 en el Sector de Pambabuela, Parroquia Salinas, Provincia Bol\u00edvar. El&hellip; <a href=\"https:\/\/www.ambienteyenergia.gob.ec\/ambiente\/decomiso-de-madera-ilegal-en-la-provincia-bolivar\/\">Read more &rarr;<\/a><\/p>\n","protected":false},"author":13,"featured_media":19385,"comment_status":"open","ping_status":"open","sticky":false,"template":"","format":"standard","meta":{"footnotes":""},"categories":[16,4],"tags":[],"class_list":["post-19383","post","type-post","status-publish","format-standard","has-post-thumbnail","hentry","category-comunicamos","category-noticias","xfolkentry"],"_links":{"self":[{"href":"https:\/\/www.ambienteyenergia.gob.ec\/ambiente\/wp-json\/wp\/v2\/posts\/19383","targetHints":{"allow":["GET"]}}],"collection":[{"href":"https:\/\/www.ambienteyenergia.gob.ec\/ambiente\/wp-json\/wp\/v2\/posts"}],"about":[{"href":"https:\/\/www.ambienteyenergia.gob.ec\/ambiente\/wp-json\/wp\/v2\/types\/post"}],"author":[{"embeddable":true,"href":"https:\/\/www.ambienteyenergia.gob.ec\/ambiente\/wp-json\/wp\/v2\/users\/13"}],"replies":[{"embeddable":true,"href":"https:\/\/www.ambienteyenergia.gob.ec\/ambiente\/wp-json\/wp\/v2\/comments?post=19383"}],"version-history":[{"count":0,"href":"https:\/\/www.ambienteyenergia.gob.ec\/ambiente\/wp-json\/wp\/v2\/posts\/19383\/revisions"}],"wp:featuredmedia":[{"embeddable":true,"href":"https:\/\/www.ambienteyenergia.gob.ec\/ambiente\/wp-json\/wp\/v2\/media\/19385"}],"wp:attachment":[{"href":"https:\/\/www.ambienteyenergia.gob.ec\/ambiente\/wp-json\/wp\/v2\/media?parent=19383"}],"wp:term":[{"taxonomy":"category","embeddable":true,"href":"https:\/\/www.ambienteyenergia.gob.ec\/ambiente\/wp-json\/wp\/v2\/categories?post=19383"},{"taxonomy":"post_tag","embeddable":true,"href":"https:\/\/www.ambienteyenergia.gob.ec\/ambiente\/wp-json\/wp\/v2\/tags?post=19383"}],"curies":[{"name":"wp","href":"https:\/\/api.w.org\/{rel}","templated":true}]}}