{"id":19380,"date":"2014-04-15T12:30:12","date_gmt":"2014-04-15T17:30:12","guid":{"rendered":"http:\/\/www.ambiente.gob.ec\/?p=19380"},"modified":"2014-04-15T12:30:12","modified_gmt":"2014-04-15T17:30:12","slug":"incendio-de-pajonal-ocurrido-en-los-paramos-de-la-comunidad-de-zuleta","status":"publish","type":"post","link":"https:\/\/www.ambienteyenergia.gob.ec\/ambiente\/incendio-de-pajonal-ocurrido-en-los-paramos-de-la-comunidad-de-zuleta\/","title":{"rendered":"Incendio de Pajonal ocurrido en los p\u00e1ramos de la comunidad de Zuleta"},"content":{"rendered":"<p style=\"text-align: justify;\">Desde el d\u00eda domingo hasta la tarde de ayer se produjo un incendio de pajonal en los p\u00e1ramos de la comunidad de Zuleta en el sector denominado \u201cLas Ventanas\u201d. T\u00e9cnicos de la Direcci\u00f3n Provincial del Ambiente de Imbabura (DPAI) conjuntamente con miembros policiales de la Unidad de Protecci\u00f3n del Medio Ambiente (UPMA) adem\u00e1s de 20 comuneros, lograron controlar el incendio en su totalidad.<\/p>\n<p>Habitantes de la comunidad explicaron al personal del Ministerio del Ambiente (MAE) y de la UPMA que el incendio fue provocado por turistas que visitaron la zona el fin de semana. La magnitud del incendio se estima en 10 hect\u00e1reas de pajonal quemados.<\/p>\n<p>La comunidad estar\u00e1 pendiente hasta esclarecer a los responsables de este hecho y as\u00ed poder iniciar el proceso legal y adminisrativo\u00a0 en el marco de la aplicaci\u00f3n de la Ley.<\/p>\n<p>Esta Cartera de Estado se encargar\u00e1 de georeferenciar el \u00e1rea para saber la superficie exacta del da\u00f1o.<\/p>\n","protected":false},"excerpt":{"rendered":"<p class=\"excerpt\">Desde el d\u00eda domingo hasta la tarde de ayer se produjo un incendio de pajonal en los p\u00e1ramos de la comunidad de Zuleta en el sector denominado \u201cLas Ventanas\u201d. T\u00e9cnicos de la Direcci\u00f3n Provincial del Ambiente de Imbabura (DPAI) conjuntamente con miembros policiales de la Unidad de Protecci\u00f3n del Medio Ambiente (UPMA) adem\u00e1s de 20 comuneros, lograron controlar el incendio&hellip; <a href=\"https:\/\/www.ambienteyenergia.gob.ec\/ambiente\/incendio-de-pajonal-ocurrido-en-los-paramos-de-la-comunidad-de-zuleta\/\">Read more &rarr;<\/a><\/p>\n","protected":false},"author":13,"featured_media":19381,"comment_status":"open","ping_status":"open","sticky":false,"template":"","format":"standard","meta":{"footnotes":""},"categories":[16,4],"tags":[],"class_list":["post-19380","post","type-post","status-publish","format-standard","has-post-thumbnail","hentry","category-comunicamos","category-noticias","xfolkentry"],"_links":{"self":[{"href":"https:\/\/www.ambienteyenergia.gob.ec\/ambiente\/wp-json\/wp\/v2\/posts\/19380","targetHints":{"allow":["GET"]}}],"collection":[{"href":"https:\/\/www.ambienteyenergia.gob.ec\/ambiente\/wp-json\/wp\/v2\/posts"}],"about":[{"href":"https:\/\/www.ambienteyenergia.gob.ec\/ambiente\/wp-json\/wp\/v2\/types\/post"}],"author":[{"embeddable":true,"href":"https:\/\/www.ambienteyenergia.gob.ec\/ambiente\/wp-json\/wp\/v2\/users\/13"}],"replies":[{"embeddable":true,"href":"https:\/\/www.ambienteyenergia.gob.ec\/ambiente\/wp-json\/wp\/v2\/comments?post=19380"}],"version-history":[{"count":0,"href":"https:\/\/www.ambienteyenergia.gob.ec\/ambiente\/wp-json\/wp\/v2\/posts\/19380\/revisions"}],"wp:featuredmedia":[{"embeddable":true,"href":"https:\/\/www.ambienteyenergia.gob.ec\/ambiente\/wp-json\/wp\/v2\/media\/19381"}],"wp:attachment":[{"href":"https:\/\/www.ambienteyenergia.gob.ec\/ambiente\/wp-json\/wp\/v2\/media?parent=19380"}],"wp:term":[{"taxonomy":"category","embeddable":true,"href":"https:\/\/www.ambienteyenergia.gob.ec\/ambiente\/wp-json\/wp\/v2\/categories?post=19380"},{"taxonomy":"post_tag","embeddable":true,"href":"https:\/\/www.ambienteyenergia.gob.ec\/ambiente\/wp-json\/wp\/v2\/tags?post=19380"}],"curies":[{"name":"wp","href":"https:\/\/api.w.org\/{rel}","templated":true}]}}