{"id":19377,"date":"2014-04-15T08:57:22","date_gmt":"2014-04-15T13:57:22","guid":{"rendered":"http:\/\/www.ambiente.gob.ec\/?p=19377"},"modified":"2014-04-17T09:43:14","modified_gmt":"2014-04-17T14:43:14","slug":"tradicion-y-conservacion-dio-buenos-resultados-a-nivel-nacional","status":"publish","type":"post","link":"https:\/\/www.ambienteyenergia.gob.ec\/ambiente\/tradicion-y-conservacion-dio-buenos-resultados-a-nivel-nacional\/","title":{"rendered":"Tradici\u00f3n y Conservaci\u00f3n dio buenos resultados a nivel nacional"},"content":{"rendered":"<p style=\"text-align: justify;\">En el marco de la celebraci\u00f3n de semana santa en el Ecuador, el Ministerio del Ambiente (MAE), a trav\u00e9s de las diferentes Direcciones Provinciales en un trabajo conjunto con la Unidad de Protecci\u00f3n del Medio Ambiente (UPMA) de la Polic\u00eda Nacional, se ha desarrollado diferentes actividades para la socializaci\u00f3n de la campa\u00f1a &#8216;Tradici\u00f3n y Conservaci\u00f3n van de la mano&#8217; en la que se busc\u00f3 concienciar a la poblaci\u00f3n en general sobre la utilizaci\u00f3n de ramos alternativos par evitar la utilizaci\u00f3n de la Palma de Cera en la celebraci\u00f3n de le semana mayor.<\/p>\n<p style=\"text-align: justify;\">En las jornadas de trabajo, se ha expuesto la importancia biol\u00f3gica y ecol\u00f3gica que tiene la palma de cera dentro de los ecosistemas, por ser una fuente de alimento y refugio para varias especies de vida silvestre, especialmente para el Loro Orejiamarillo y el Perico Cachetidorado, espec\u00edmenes en peligro de extinci\u00f3n.<\/p>\n<p style=\"text-align: justify;\">La principal amenaza para esta especie de palma es la deforestaci\u00f3n de los bosques nublados. Pero se agrava cuando las personas cortan las palmas, especialmente las especies j\u00f3venes debido a que su crecimiento es lento.<\/p>\n<p style=\"text-align: justify;\">Es por tal motivo que a partir del 7 de abril se han llevado a cabo diferentes operativos de prevenci\u00f3n y control de tr\u00e1fico de Palma de Cerca a lo largo del territorio nacional para evitar su comercializaci\u00f3n.<\/p>\n<p style=\"text-align: justify;\"><strong>Azuay<\/strong><br \/>\n\u2022\u00a0\u00a0 \u00a03 036 ramos de palma de cera decomisados.<br \/>\n\u2022\u00a0\u00a0 \u00a01 375 arreglos de palma de cera decomisados.<br \/>\n\u2022\u00a0\u00a0 \u00a0Cuatro loros decomisados.<br \/>\n\u2022\u00a0\u00a0 \u00a0Una tortuga mordedora decomisados.<br \/>\n\u2022\u00a0\u00a0 \u00a0Dos elementos constitutivos decomisados (una piel, una cornamenta).<\/p>\n<p style=\"text-align: justify;\"><strong>Esmeraldas<\/strong><br \/>\n\u2022\u00a0\u00a0 \u00a0230 arreglos de palma de cera.<\/p>\n<p style=\"text-align: justify;\"><strong>Imbabura<\/strong><br \/>\n\u2022\u00a0\u00a0 \u00a030 ramos de palma de cera decomisados.<\/p>\n<p style=\"text-align: justify;\"><strong>Napo<\/strong><br \/>\n\u2022\u00a0\u00a0 \u00a02 312 ramos elaborados con lis\u00e1n, laurel, cipr\u00e9s, malpindo y varias plantas ornamentales en 13 parroquias de la provincia, entregados.<\/p>\n<p style=\"text-align: justify;\"><strong>Santo Domingo de los Ts\u00e1chilas<\/strong><br \/>\n\u2022\u00a0\u00a0 \u00a04 000 ramos elaborados con materiales alternativos fueron entregados a la poblaci\u00f3n.<\/p>\n<p style=\"text-align: justify;\"><strong>Zamora Chinchipe<\/strong><br \/>\n\u2022\u00a0\u00a0 \u00a02 arreglos de palma de cera decomisados.<br \/>\n\u2022\u00a0\u00a0 \u00a040 ramos elaborados con materiales alternativos fueron entregados.<br \/>\n\u2022 220 pl\u00e1ntulas de las especies de Laurel, Macairo, Guanton y Guaba, fueron entregadas a los feligreses<\/p>\n<p style=\"text-align: justify;\"><strong>El Oro<\/strong><br \/>\n\u2022\u00a0\u00a0 \u00a03 000 ramos elaborados con palma de cera decomisados<\/p>\n<p style=\"text-align: justify;\"><strong>El Carchi<\/strong><br \/>\n\u2022\u00a0\u00a017 hojas (ramos), 125 pinas o foliolos y 35 artesan\u00edas de palma de ramos incautados.<br \/>\n\u2022\u00a0\u00a01250 ramos alternativos distribuidos en las principales iglesias de la provincia.<\/p>\n","protected":false},"excerpt":{"rendered":"<p class=\"excerpt\">En el marco de la celebraci\u00f3n de semana santa en el Ecuador, el Ministerio del Ambiente (MAE), a trav\u00e9s de las diferentes Direcciones Provinciales en un trabajo conjunto con la Unidad de Protecci\u00f3n del Medio Ambiente (UPMA) de la Polic\u00eda Nacional, se ha desarrollado diferentes actividades para la socializaci\u00f3n de la campa\u00f1a &#8216;Tradici\u00f3n y Conservaci\u00f3n van de la mano&#8217; en&hellip; <a href=\"https:\/\/www.ambienteyenergia.gob.ec\/ambiente\/tradicion-y-conservacion-dio-buenos-resultados-a-nivel-nacional\/\">Read more &rarr;<\/a><\/p>\n","protected":false},"author":13,"featured_media":19378,"comment_status":"open","ping_status":"open","sticky":false,"template":"","format":"standard","meta":{"footnotes":""},"categories":[16,4],"tags":[],"class_list":["post-19377","post","type-post","status-publish","format-standard","has-post-thumbnail","hentry","category-comunicamos","category-noticias","xfolkentry"],"_links":{"self":[{"href":"https:\/\/www.ambienteyenergia.gob.ec\/ambiente\/wp-json\/wp\/v2\/posts\/19377","targetHints":{"allow":["GET"]}}],"collection":[{"href":"https:\/\/www.ambienteyenergia.gob.ec\/ambiente\/wp-json\/wp\/v2\/posts"}],"about":[{"href":"https:\/\/www.ambienteyenergia.gob.ec\/ambiente\/wp-json\/wp\/v2\/types\/post"}],"author":[{"embeddable":true,"href":"https:\/\/www.ambienteyenergia.gob.ec\/ambiente\/wp-json\/wp\/v2\/users\/13"}],"replies":[{"embeddable":true,"href":"https:\/\/www.ambienteyenergia.gob.ec\/ambiente\/wp-json\/wp\/v2\/comments?post=19377"}],"version-history":[{"count":0,"href":"https:\/\/www.ambienteyenergia.gob.ec\/ambiente\/wp-json\/wp\/v2\/posts\/19377\/revisions"}],"wp:featuredmedia":[{"embeddable":true,"href":"https:\/\/www.ambienteyenergia.gob.ec\/ambiente\/wp-json\/wp\/v2\/media\/19378"}],"wp:attachment":[{"href":"https:\/\/www.ambienteyenergia.gob.ec\/ambiente\/wp-json\/wp\/v2\/media?parent=19377"}],"wp:term":[{"taxonomy":"category","embeddable":true,"href":"https:\/\/www.ambienteyenergia.gob.ec\/ambiente\/wp-json\/wp\/v2\/categories?post=19377"},{"taxonomy":"post_tag","embeddable":true,"href":"https:\/\/www.ambienteyenergia.gob.ec\/ambiente\/wp-json\/wp\/v2\/tags?post=19377"}],"curies":[{"name":"wp","href":"https:\/\/api.w.org\/{rel}","templated":true}]}}