{"id":19370,"date":"2014-04-14T23:41:47","date_gmt":"2014-04-15T04:41:47","guid":{"rendered":"http:\/\/www.ambiente.gob.ec\/?p=19370"},"modified":"2014-04-15T08:47:11","modified_gmt":"2014-04-15T13:47:11","slug":"ministra-lorena-tapia-entrego-reconocimiento-ecuatoriano-ambiental-punto-verde-a-la-comandancia-general-de-la-policia-nacional","status":"publish","type":"post","link":"https:\/\/www.ambienteyenergia.gob.ec\/ambiente\/ministra-lorena-tapia-entrego-reconocimiento-ecuatoriano-ambiental-punto-verde-a-la-comandancia-general-de-la-policia-nacional\/","title":{"rendered":"Ministra Lorena Tapia entreg\u00f3 Reconocimiento Ecuatoriano Ambiental \u201cPunto Verde\u201d a la Comandancia General de la Polic\u00eda Nacional"},"content":{"rendered":"<p style=\"text-align: justify;\">Hoy, la Ministra del Ambiente, Lorena Tapia, entreg\u00f3 el Reconocimiento Ecuatoriano Ambiental \u201cPunto Verde\u201d al edificio de la Comandancia General de la Polic\u00eda Nacional, ubicado en la Av. Amazonas y Jap\u00f3n en Quito, por la correcta implementaci\u00f3n de Buenas Pr\u00e1cticas Ambientales. En el evento oficial participaron tambi\u00e9n Esvar Jim\u00e9nez Ru\u00edz, Coronel de la Polic\u00eda Nacional y Hugo Marcelo Rocha, Jefe de Estado Mayor de la Polic\u00eda Nacional.<\/p>\n<p style=\"text-align: justify;\">El Ministerio del Ambiente del Ecuador (MAE) cuenta con el Acuerdo Ministerial 131, el cual tiene como objetivo principal, incentivar a las instituciones p\u00fablicas y privadas a implementar los principios y estrategias de consumo responsable, es decir, buenas pr\u00e1cticas ambientales. En ese sentido, la M\u00e1xima Autoridad Ambiental expres\u00f3 su satisfacci\u00f3n al conocer que m\u00e1s instituciones del sector p\u00fablico se suman a esta iniciativa.<\/p>\n<p style=\"text-align: justify;\">La Ministra Tapia en su intervenci\u00f3n, expres\u00f3 su agradecimiento a la Polic\u00eda Nacional, no solo por su ardua labor de garantizar la seguridad ciudadana, sino tambi\u00e9n por demostrar su compromiso con el ambiente. \u201cQue mejor que sea el sector p\u00fablico, el que de ejemplo en el cuidado y protecci\u00f3n de nuestro ambiente\u201d, asegur\u00f3.<\/p>\n<p style=\"text-align: justify;\">Por su parte, Rocha asever\u00f3 que \u201clas buenas pr\u00e1cticas ambientales son herramienta s mediante las cuales se puede controlar el problema de los residuos s\u00f3lidos generados por la instituci\u00f3n, contribuyendo a la preservaci\u00f3n del medio ambiente y a la creaci\u00f3n de una nueva cultura institucional en todo el tratamiento de los llamados residuos de la instituci\u00f3n\u201d.<\/p>\n<p style=\"text-align: justify;\">Este Acuerdo se basa en una evaluaci\u00f3n comparativa de indicadores de por lo menos dos a\u00f1os de gesti\u00f3n, en los ejes tem\u00e1ticos de ahorro y uso eficiente del agua, energ\u00eda, transporte y papel, gesti\u00f3n de residuos, compras p\u00fablicas responsables y capacitaci\u00f3n a personal. Una vez que se verifica el cumplimiento de estos requerimientos, el MAE entrega el reconocimiento.<\/p>\n<p style=\"text-align: justify;\">En este caso, la Comandancia de la Polic\u00eda logr\u00f3 reducir el 10,82% en consumo de papel, mediante la aplicaci\u00f3n de impresiones a doble cara, reutilizaci\u00f3n de papel y env\u00edo de informaci\u00f3n por correo electr\u00f3nico; el 60,92% en el consumo de agua, mediante la instalaci\u00f3n de sanitarios ahorradores y contadores de agua, as\u00ed como la capacitaci\u00f3n al personal; el 14.21% en consumo de energ\u00eda por aprovechamiento de luz natural y redistribuci\u00f3n de las instalaciones el\u00e9ctricas; por la correcta clasificaci\u00f3n, almacenamiento y disposici\u00f3n final de residuos; y por la implementaci\u00f3n de un proyecto de difusi\u00f3n de buenas pr\u00e1cticas ambientales a nivel institucional, representado con el personaje \u201cPaquito\u201d. \u201cLos avances en la Comandancia General de la Polic\u00eda son evidentes y la voluntad y compromiso de todo el equipo se ha reflejado en los resultados que han obtenido\u201d, afirm\u00f3 Tapia.<\/p>\n<p style=\"text-align: justify;\">\u201cEl Punto Verde al que hemos sido acreedores nos compromete a continuar con nuestro empe\u00f1o de ser part\u00edcipes en la consolidaci\u00f3n de esta gran propuesta\u201d, mencion\u00f3 Jim\u00e9nez, al finalizar el acto.<\/p>\n","protected":false},"excerpt":{"rendered":"<p class=\"excerpt\">Hoy, la Ministra del Ambiente, Lorena Tapia, entreg\u00f3 el Reconocimiento Ecuatoriano Ambiental \u201cPunto Verde\u201d al edificio de la Comandancia General de la Polic\u00eda Nacional, ubicado en la Av. Amazonas y Jap\u00f3n en Quito, por la correcta implementaci\u00f3n de Buenas Pr\u00e1cticas Ambientales. En el evento oficial participaron tambi\u00e9n Esvar Jim\u00e9nez Ru\u00edz, Coronel de la Polic\u00eda Nacional y Hugo Marcelo Rocha, Jefe&hellip; <a href=\"https:\/\/www.ambienteyenergia.gob.ec\/ambiente\/ministra-lorena-tapia-entrego-reconocimiento-ecuatoriano-ambiental-punto-verde-a-la-comandancia-general-de-la-policia-nacional\/\">Read more &rarr;<\/a><\/p>\n","protected":false},"author":13,"featured_media":19375,"comment_status":"open","ping_status":"open","sticky":false,"template":"","format":"standard","meta":{"footnotes":""},"categories":[16,4],"tags":[51,387,353,112],"class_list":["post-19370","post","type-post","status-publish","format-standard","has-post-thumbnail","hentry","category-comunicamos","category-noticias","tag-ambiente","tag-mae-lorena-tapia","tag-policia-nacional","tag-punto-verde","xfolkentry"],"_links":{"self":[{"href":"https:\/\/www.ambienteyenergia.gob.ec\/ambiente\/wp-json\/wp\/v2\/posts\/19370","targetHints":{"allow":["GET"]}}],"collection":[{"href":"https:\/\/www.ambienteyenergia.gob.ec\/ambiente\/wp-json\/wp\/v2\/posts"}],"about":[{"href":"https:\/\/www.ambienteyenergia.gob.ec\/ambiente\/wp-json\/wp\/v2\/types\/post"}],"author":[{"embeddable":true,"href":"https:\/\/www.ambienteyenergia.gob.ec\/ambiente\/wp-json\/wp\/v2\/users\/13"}],"replies":[{"embeddable":true,"href":"https:\/\/www.ambienteyenergia.gob.ec\/ambiente\/wp-json\/wp\/v2\/comments?post=19370"}],"version-history":[{"count":0,"href":"https:\/\/www.ambienteyenergia.gob.ec\/ambiente\/wp-json\/wp\/v2\/posts\/19370\/revisions"}],"wp:featuredmedia":[{"embeddable":true,"href":"https:\/\/www.ambienteyenergia.gob.ec\/ambiente\/wp-json\/wp\/v2\/media\/19375"}],"wp:attachment":[{"href":"https:\/\/www.ambienteyenergia.gob.ec\/ambiente\/wp-json\/wp\/v2\/media?parent=19370"}],"wp:term":[{"taxonomy":"category","embeddable":true,"href":"https:\/\/www.ambienteyenergia.gob.ec\/ambiente\/wp-json\/wp\/v2\/categories?post=19370"},{"taxonomy":"post_tag","embeddable":true,"href":"https:\/\/www.ambienteyenergia.gob.ec\/ambiente\/wp-json\/wp\/v2\/tags?post=19370"}],"curies":[{"name":"wp","href":"https:\/\/api.w.org\/{rel}","templated":true}]}}