{"id":19363,"date":"2014-04-14T15:54:54","date_gmt":"2014-04-14T20:54:54","guid":{"rendered":"http:\/\/www.ambiente.gob.ec\/?p=19363"},"modified":"2014-04-14T15:54:54","modified_gmt":"2014-04-14T20:54:54","slug":"la-campana-tradicion-y-conservacion-van-de-la-mano-tuvo-gran-aceptacion-en-santo-domingo-de-los-tsachilas","status":"publish","type":"post","link":"https:\/\/www.ambienteyenergia.gob.ec\/ambiente\/la-campana-tradicion-y-conservacion-van-de-la-mano-tuvo-gran-aceptacion-en-santo-domingo-de-los-tsachilas\/","title":{"rendered":"La campa\u00f1a &#8216;Tradici\u00f3n y conservaci\u00f3n van de la mano&#8217; tuvo gran aceptaci\u00f3n en Santo Domingo de los Ts\u00e1chilas"},"content":{"rendered":"<p style=\"text-align: justify;\">El Ministerio del Ambiente del Ecuador (MAE), a trav\u00e9s de la Direcci\u00f3n Provincial Santo Domingo de los Ts\u00e1chilas, culmin\u00f3 este Domingo de Ramos, la campa\u00f1a &#8216; Tradici\u00f3n y Conservaci\u00f3n van de la mano&#8217; con la entrega de 4 000 ramos alternativos elaborados con materiales alternativos y plantas de r\u00e1pido crecimiento de la zona.<\/p>\n<p style=\"text-align: justify;\">Con el apoyo de los voluntarios del Servicio Civil Ciudadano, t\u00e9cnicos del MAE socializaron una vez m\u00e1s con los fieles que acudieron a las diferentes iglesias cat\u00f3licas de la provincia la importancia de conservar la palma de cera.<\/p>\n<p style=\"text-align: justify;\">Cabe se\u00f1alar, que la Iglesia tuvo un papel preponderante y aport\u00f3 positivamente con su mensaje a los fieles, promoviendo el reemplazo de las hojas de palma de cera por materiales vegetales. Fuera de templos religiosos, los comerciantes ofertaban ramos hechos con hojas de la paja toquilla, romero, manzanilla y ruda. Lo que se pudo observar es que la venta de palma de cera ha disminuido dr\u00e1sticamente, esto como el resultado del trabajo conjunto que realiz\u00f3 el MAE con la poblaci\u00f3n y la Iglesia.<\/p>\n<p style=\"text-align: justify;\">Esta campa\u00f1a se realiz\u00f3 a nivel nacional con el fin de evitar el uso indiscriminado de la palma de cera durante la celebraci\u00f3n de la Semana Santa, y as\u00ed, conservar el h\u00e1bitat de dos de las especies m\u00e1s amenazadas, el loro orejiamarillo y el perico cachetidorado.<\/p>\n<p style=\"text-align: justify;\">Esta iniciativa le mostr\u00f3 a la poblaci\u00f3n que se puede equilibrar las costumbre religiosas con el cuidado ambiental.<\/p>\n<p>&nbsp;<\/p>\n","protected":false},"excerpt":{"rendered":"<p class=\"excerpt\">El Ministerio del Ambiente del Ecuador (MAE), a trav\u00e9s de la Direcci\u00f3n Provincial Santo Domingo de los Ts\u00e1chilas, culmin\u00f3 este Domingo de Ramos, la campa\u00f1a &#8216; Tradici\u00f3n y Conservaci\u00f3n van de la mano&#8217; con la entrega de 4 000 ramos alternativos elaborados con materiales alternativos y plantas de r\u00e1pido crecimiento de la zona. Con el apoyo de los voluntarios del&hellip; <a href=\"https:\/\/www.ambienteyenergia.gob.ec\/ambiente\/la-campana-tradicion-y-conservacion-van-de-la-mano-tuvo-gran-aceptacion-en-santo-domingo-de-los-tsachilas\/\">Read more &rarr;<\/a><\/p>\n","protected":false},"author":13,"featured_media":19364,"comment_status":"open","ping_status":"open","sticky":false,"template":"","format":"standard","meta":{"footnotes":""},"categories":[16,4],"tags":[417,108,53],"class_list":["post-19363","post","type-post","status-publish","format-standard","has-post-thumbnail","hentry","category-comunicamos","category-noticias","tag-campana-tradicion-y-conservacion-van-de-la-mano","tag-lorena-tapia","tag-mae","xfolkentry"],"_links":{"self":[{"href":"https:\/\/www.ambienteyenergia.gob.ec\/ambiente\/wp-json\/wp\/v2\/posts\/19363","targetHints":{"allow":["GET"]}}],"collection":[{"href":"https:\/\/www.ambienteyenergia.gob.ec\/ambiente\/wp-json\/wp\/v2\/posts"}],"about":[{"href":"https:\/\/www.ambienteyenergia.gob.ec\/ambiente\/wp-json\/wp\/v2\/types\/post"}],"author":[{"embeddable":true,"href":"https:\/\/www.ambienteyenergia.gob.ec\/ambiente\/wp-json\/wp\/v2\/users\/13"}],"replies":[{"embeddable":true,"href":"https:\/\/www.ambienteyenergia.gob.ec\/ambiente\/wp-json\/wp\/v2\/comments?post=19363"}],"version-history":[{"count":0,"href":"https:\/\/www.ambienteyenergia.gob.ec\/ambiente\/wp-json\/wp\/v2\/posts\/19363\/revisions"}],"wp:featuredmedia":[{"embeddable":true,"href":"https:\/\/www.ambienteyenergia.gob.ec\/ambiente\/wp-json\/wp\/v2\/media\/19364"}],"wp:attachment":[{"href":"https:\/\/www.ambienteyenergia.gob.ec\/ambiente\/wp-json\/wp\/v2\/media?parent=19363"}],"wp:term":[{"taxonomy":"category","embeddable":true,"href":"https:\/\/www.ambienteyenergia.gob.ec\/ambiente\/wp-json\/wp\/v2\/categories?post=19363"},{"taxonomy":"post_tag","embeddable":true,"href":"https:\/\/www.ambienteyenergia.gob.ec\/ambiente\/wp-json\/wp\/v2\/tags?post=19363"}],"curies":[{"name":"wp","href":"https:\/\/api.w.org\/{rel}","templated":true}]}}