{"id":19356,"date":"2014-04-14T15:13:34","date_gmt":"2014-04-14T20:13:34","guid":{"rendered":"http:\/\/www.ambiente.gob.ec\/?p=19356"},"modified":"2014-04-14T15:18:40","modified_gmt":"2014-04-14T20:18:40","slug":"material-constitutivo-de-vida-silvestre-fue-decomisado-en-bolivar","status":"publish","type":"post","link":"https:\/\/www.ambienteyenergia.gob.ec\/ambiente\/material-constitutivo-de-vida-silvestre-fue-decomisado-en-bolivar\/","title":{"rendered":"Material constitutivo de vida silvestre fue decomisado en Bol\u00edvar"},"content":{"rendered":"<p style=\"text-align: justify;\">El Ministerio del Ambiente del Ecuador (MAE), en coordinaci\u00f3n con Unidad de Protecci\u00f3n del Medio Ambiente (UPMA), realiz\u00f3 un operativo de control, el pasado 11 de abril, en la parroquia de Salinas, provincia de Bol\u00edvar, que dej\u00f3 como resultado el decomiso de tres elementos constitutivos de vida silvestre.<\/p>\n<p style=\"text-align: justify;\">Como parte de estas jornadas de control, t\u00e9cnicos del MAE encontraron en las instalaciones del Centro cultural Matiav\u00ed a un lobo de p\u00e1ramo (Pseudalopex culpaeus) disecado y las pieles de un puma (Puma concolor) y un tigrillo (Leopardus pardalis), elementos que fueron confiscados.<\/p>\n<p style=\"text-align: justify;\">El MAE, como principal autoridad ambiental, continuar\u00e1 con estos operativos de control en todo el pa\u00eds, para evitar la caza y comercializaci\u00f3n de fauna silvestre. Por su parte, la Direcci\u00f3n Provincial del Ambiente de Bol\u00edvar iniciar\u00e1 con el proceso administrativo correspondiente a fin de determinar responsabilidades.<\/p>\n<p>El tr\u00e1fico de especies silvestres est\u00e1 prohibido, por lo que se hace un llamado de atenci\u00f3n a la ciudadan\u00eda para que no compre, ni comercialice con estos materiales.<\/p>\n<p style=\"text-align: justify;\">En ese sentido, uno de los compromisos de esta Cartera de Estado es socializar y concienciar a la poblaci\u00f3n sobre la importancia de conservar y proteger todos los recursos que nos ofrece la naturaleza.<\/p>\n<p style=\"text-align: justify;\">\n","protected":false},"excerpt":{"rendered":"<p class=\"excerpt\">El Ministerio del Ambiente del Ecuador (MAE), en coordinaci\u00f3n con Unidad de Protecci\u00f3n del Medio Ambiente (UPMA), realiz\u00f3 un operativo de control, el pasado 11 de abril, en la parroquia de Salinas, provincia de Bol\u00edvar, que dej\u00f3 como resultado el decomiso de tres elementos constitutivos de vida silvestre. Como parte de estas jornadas de control, t\u00e9cnicos del MAE encontraron en&hellip; <a href=\"https:\/\/www.ambienteyenergia.gob.ec\/ambiente\/material-constitutivo-de-vida-silvestre-fue-decomisado-en-bolivar\/\">Read more &rarr;<\/a><\/p>\n","protected":false},"author":13,"featured_media":19357,"comment_status":"open","ping_status":"open","sticky":false,"template":"","format":"standard","meta":{"footnotes":""},"categories":[16,4],"tags":[447,446,108,53],"class_list":["post-19356","post","type-post","status-publish","format-standard","has-post-thumbnail","hentry","category-comunicamos","category-noticias","tag-decomiso","tag-fauna-silvestre","tag-lorena-tapia","tag-mae","xfolkentry"],"_links":{"self":[{"href":"https:\/\/www.ambienteyenergia.gob.ec\/ambiente\/wp-json\/wp\/v2\/posts\/19356","targetHints":{"allow":["GET"]}}],"collection":[{"href":"https:\/\/www.ambienteyenergia.gob.ec\/ambiente\/wp-json\/wp\/v2\/posts"}],"about":[{"href":"https:\/\/www.ambienteyenergia.gob.ec\/ambiente\/wp-json\/wp\/v2\/types\/post"}],"author":[{"embeddable":true,"href":"https:\/\/www.ambienteyenergia.gob.ec\/ambiente\/wp-json\/wp\/v2\/users\/13"}],"replies":[{"embeddable":true,"href":"https:\/\/www.ambienteyenergia.gob.ec\/ambiente\/wp-json\/wp\/v2\/comments?post=19356"}],"version-history":[{"count":0,"href":"https:\/\/www.ambienteyenergia.gob.ec\/ambiente\/wp-json\/wp\/v2\/posts\/19356\/revisions"}],"wp:featuredmedia":[{"embeddable":true,"href":"https:\/\/www.ambienteyenergia.gob.ec\/ambiente\/wp-json\/wp\/v2\/media\/19357"}],"wp:attachment":[{"href":"https:\/\/www.ambienteyenergia.gob.ec\/ambiente\/wp-json\/wp\/v2\/media?parent=19356"}],"wp:term":[{"taxonomy":"category","embeddable":true,"href":"https:\/\/www.ambienteyenergia.gob.ec\/ambiente\/wp-json\/wp\/v2\/categories?post=19356"},{"taxonomy":"post_tag","embeddable":true,"href":"https:\/\/www.ambienteyenergia.gob.ec\/ambiente\/wp-json\/wp\/v2\/tags?post=19356"}],"curies":[{"name":"wp","href":"https:\/\/api.w.org\/{rel}","templated":true}]}}