{"id":19350,"date":"2014-04-14T12:33:10","date_gmt":"2014-04-14T17:33:10","guid":{"rendered":"http:\/\/www.ambiente.gob.ec\/?p=19350"},"modified":"2014-04-14T12:40:14","modified_gmt":"2014-04-14T17:40:14","slug":"mae-y-caf-firman-carta-de-entendimiento-para-la-mitigacion-de-emisiones-en-el-ecuador","status":"publish","type":"post","link":"https:\/\/www.ambienteyenergia.gob.ec\/ambiente\/mae-y-caf-firman-carta-de-entendimiento-para-la-mitigacion-de-emisiones-en-el-ecuador\/","title":{"rendered":"MAE y CAF firman Carta de Entendimiento para la mitigaci\u00f3n de emisiones en el Ecuador"},"content":{"rendered":"<p style=\"text-align: justify;\">El Gobierno del Ecuador, reconociendo los desaf\u00edos que plantea el Cambio Clim\u00e1tico, se encuentra trabajando arduamente desde todos los \u00e1mbitos a fin de transversalizar esta tem\u00e1tica en los sectores estrat\u00e9gicos del pa\u00eds. Es por esto que esta iniciativa, es un gran avance en la ejecuci\u00f3n de medidas de mitigaci\u00f3n en un sector prioritario para la gesti\u00f3n integral de los residuos s\u00f3lidos.<\/p>\n<p style=\"text-align: justify;\">Es por tal motivo que el Ministerio del Ambiente, a trav\u00e9s de la Subsecretaria de Cambio Clim\u00e1tico y el Programa Nacional de Gesti\u00f3n Integral de Residuos S\u00f3lidos, firm\u00f3 el d\u00eda de hoy la Carta de Entendimiento para la mitigaci\u00f3n de emisiones en nuestro pa\u00eds, por medio de la cooperaci\u00f3n econ\u00f3mica de $ 4 200 000 por parte de la Corporaci\u00f3n Andina de Fomento (CAF). El acto cont\u00f3 con la presencia de la Ministra del Ambiente, Lorena Tapia; Hermann Krutzfeldt, Director Representante de CAF en Ecuador; Alejandro Miranda, Ejecutivo de Medio Ambiente de CAF en Ecuador y Andr\u00e9s Hubenthal, Subsecretario de Cambio Clim\u00e1tico (e).<\/p>\n<p style=\"text-align: justify;\">La Uni\u00f3n Europea ha dispuesto 10 millones de Euros para simulaci\u00f3n de mercado de proyectos de reducci\u00f3n de emisiones de Gases de Efecto Invernadero (GEI) en Ecuador, por medio del dise\u00f1o e implementaci\u00f3n del esquema de mitigaci\u00f3n del sector de desechos s\u00f3lidos.<\/p>\n<p style=\"text-align: justify;\">La primera y segunda fase de esta iniciativa cuenta con m\u00e1ximo 200.000 Euros que ser\u00e1n destinados a cuantificar el potencial de inversi\u00f3n y mitigaci\u00f3n de GEI del sector. Tienen como objetivo: Elaboraci\u00f3n del Concepto del Programa (Fase 1) y elaboraci\u00f3n de estudios adicionales que se hayan identificado en la fase anterior necesarios para el adecuado dise\u00f1o del esquema (Fase2). La tercera fase cuenta con aproximadamente hasta 4,0 millones de Euros, para aplicaci\u00f3n de incentivos financieros a proyectos piloto.<\/p>\n<p style=\"text-align: justify;\">Hasta el momento 150 Gobiernos Aut\u00f3nomos Descentralizados, se encuentran en desarrollo de proyectos para la mitigaci\u00f3n de emisiones a los largo de nuestro pa\u00eds. Se espera que hasta el a\u00f1o 2017, en el marco del Plan Nacional del Buen Vivir se espera alcanzar el 95% de cobertura en este sentido.<\/p>\n<p style=\"text-align: justify;\"><a href=\"http:\/\/www.ambienteyenergia.gob.ec\/ambiente\/wp-content\/uploads\/2014\/04\/IMG_9999.jpg\"><img loading=\"lazy\" decoding=\"async\" class=\"aligncenter size-full wp-image-19352\" alt=\"MAE y CAF firman Carta de Entendimiento para la mitigaci\u00f3n de emisiones en el Ecuador\" src=\"http:\/\/www.ambienteyenergia.gob.ec\/ambiente\/wp-content\/uploads\/2014\/04\/IMG_9999.jpg\" width=\"650\" height=\"433\" srcset=\"https:\/\/www.ambienteyenergia.gob.ec\/ambiente\/wp-content\/uploads\/sites\/2\/2014\/04\/IMG_9999.jpg 650w, https:\/\/www.ambienteyenergia.gob.ec\/ambiente\/wp-content\/uploads\/sites\/2\/2014\/04\/IMG_9999-300x199.jpg 300w, https:\/\/www.ambienteyenergia.gob.ec\/ambiente\/wp-content\/uploads\/sites\/2\/2014\/04\/IMG_9999-450x300.jpg 450w\" sizes=\"auto, (max-width: 650px) 100vw, 650px\" \/><\/a><\/p>\n","protected":false},"excerpt":{"rendered":"<p class=\"excerpt\">El Gobierno del Ecuador, reconociendo los desaf\u00edos que plantea el Cambio Clim\u00e1tico, se encuentra trabajando arduamente desde todos los \u00e1mbitos a fin de transversalizar esta tem\u00e1tica en los sectores estrat\u00e9gicos del pa\u00eds. Es por esto que esta iniciativa, es un gran avance en la ejecuci\u00f3n de medidas de mitigaci\u00f3n en un sector prioritario para la gesti\u00f3n integral de los residuos&hellip; <a href=\"https:\/\/www.ambienteyenergia.gob.ec\/ambiente\/mae-y-caf-firman-carta-de-entendimiento-para-la-mitigacion-de-emisiones-en-el-ecuador\/\">Read more &rarr;<\/a><\/p>\n","protected":false},"author":13,"featured_media":19351,"comment_status":"open","ping_status":"open","sticky":false,"template":"","format":"standard","meta":{"footnotes":""},"categories":[16,4],"tags":[],"class_list":["post-19350","post","type-post","status-publish","format-standard","has-post-thumbnail","hentry","category-comunicamos","category-noticias","xfolkentry"],"_links":{"self":[{"href":"https:\/\/www.ambienteyenergia.gob.ec\/ambiente\/wp-json\/wp\/v2\/posts\/19350","targetHints":{"allow":["GET"]}}],"collection":[{"href":"https:\/\/www.ambienteyenergia.gob.ec\/ambiente\/wp-json\/wp\/v2\/posts"}],"about":[{"href":"https:\/\/www.ambienteyenergia.gob.ec\/ambiente\/wp-json\/wp\/v2\/types\/post"}],"author":[{"embeddable":true,"href":"https:\/\/www.ambienteyenergia.gob.ec\/ambiente\/wp-json\/wp\/v2\/users\/13"}],"replies":[{"embeddable":true,"href":"https:\/\/www.ambienteyenergia.gob.ec\/ambiente\/wp-json\/wp\/v2\/comments?post=19350"}],"version-history":[{"count":0,"href":"https:\/\/www.ambienteyenergia.gob.ec\/ambiente\/wp-json\/wp\/v2\/posts\/19350\/revisions"}],"wp:featuredmedia":[{"embeddable":true,"href":"https:\/\/www.ambienteyenergia.gob.ec\/ambiente\/wp-json\/wp\/v2\/media\/19351"}],"wp:attachment":[{"href":"https:\/\/www.ambienteyenergia.gob.ec\/ambiente\/wp-json\/wp\/v2\/media?parent=19350"}],"wp:term":[{"taxonomy":"category","embeddable":true,"href":"https:\/\/www.ambienteyenergia.gob.ec\/ambiente\/wp-json\/wp\/v2\/categories?post=19350"},{"taxonomy":"post_tag","embeddable":true,"href":"https:\/\/www.ambienteyenergia.gob.ec\/ambiente\/wp-json\/wp\/v2\/tags?post=19350"}],"curies":[{"name":"wp","href":"https:\/\/api.w.org\/{rel}","templated":true}]}}