{"id":19345,"date":"2014-04-14T10:05:48","date_gmt":"2014-04-14T15:05:48","guid":{"rendered":"http:\/\/www.ambiente.gob.ec\/?p=19345"},"modified":"2014-04-14T13:45:43","modified_gmt":"2014-04-14T18:45:43","slug":"los-ecuatorianos-se-concientizan-sobre-el-uso-de-la-palma-de-cera-en-domingo-de-ramos","status":"publish","type":"post","link":"https:\/\/www.ambienteyenergia.gob.ec\/ambiente\/los-ecuatorianos-se-concientizan-sobre-el-uso-de-la-palma-de-cera-en-domingo-de-ramos\/","title":{"rendered":"Los ecuatorianos toman conciencia sobre el uso de la palma de cera en Domingo de Ramos"},"content":{"rendered":"<p style=\"text-align: justify;\">La Ministra del Ambiente, Lorena Tapia, particip\u00f3 de la celebraci\u00f3n religiosa de Domingo de Ramos junto a miles de fieles cat\u00f3licos, quienes se dieron cita en la Plaza de San Francisco, en el Centro Hist\u00f3rico de Quito.<\/p>\n<p style=\"text-align: justify;\">Como dicta la tradici\u00f3n, los fieles cat\u00f3licos llevaron ramos hechos con sus\u00a0 manos o comprados a artesanos que aprovechan la temporada de Semana\u00a0 Santa para mostrar su creatividad. 15 mujeres del barrio de Toctiuco decidieron trabajar este a\u00f1o acogiendo el lema del Ministerio del Ambiente: Tradici\u00f3n y Conservaci\u00f3n van de la mano\u201d.<\/p>\n<p style=\"text-align: justify;\">\u201cEste a\u00f1o nos capacitamos en el Centro de Desarrollo Comunitario de Toctiuco y trajimos 400 ramos\u00a0 alternativos, sin usar palma de cera\u201d, dijo Carmen Taraguay, quien particip\u00f3\u00a0 junto a sus compa\u00f1eras en la carpa de ventas de ramos alternativos, ubicado en San Francisco. Los ramos de las vendedoras de Toctiuco ten\u00edan romero, laurel y flores de c\u00e1scara de choclo. Los costos variaban seg\u00fan el tama\u00f1o de uno a dos d\u00f3lares.<\/p>\n<p style=\"text-align: justify;\">\u201cLa alianza entre el Ministerio del Ambiente y la iglesia permiti\u00f3 difundir una campa\u00f1a fundamental para proteger el patrimonio natural. Los cat\u00f3licos sabemos que Tradici\u00f3n y Conservaci\u00f3n van de la mano. Queremos que \u00a0los ciudadanos sean part\u00edcipes activos de la conservaci\u00f3n de la palma de ramos y de las especies de aves que habitan en ella y que est\u00e1n en grave peligro de extinci\u00f3n\u201d, dijo la Ministra del Ambiente a los asistentes.<\/p>\n<p style=\"text-align: justify;\">La campa\u00f1a del MAE ha tenido m\u00e1s de un mes de duraci\u00f3n y se realiz\u00f3 con el fin de difundir el valor que tienen los \u00e1rboles de palma de cera dentro de los ecosistemas de los bosques andinos. La tala indiscriminada de \u00e9ste \u00e1rbol provocar\u00eda la extinci\u00f3n del Loro Orejiamarillo y del Perico Cachetidorado, dos de las especies que se han viso m\u00e1s amenazadas en el Ecuador.<\/p>\n<p style=\"text-align: justify;\">En los \u00faltimos cinco a\u00f1os, gracias a esta campa\u00f1a impulsada por el MAE junto con la Unidad de Protecci\u00f3n de Medio Ambiente de la Polic\u00eda Nacional, se ha logrado disminuir la demanda de artesan\u00edas realizadas con palma de cera.\u00a0 Los operativos de control han permitido recuperar, en el 2011, \u00a01 400 ramos de palma de cera; en el 2012, 820 y en el 2013, 500 ramos, a nivel nacional.<\/p>\n<p style=\"text-align: justify;\">Antes de acudir a la misa campal, la Ministra Lorena Tapia acudi\u00f3 a la invitaci\u00f3n de la Gerente de Quito Turismo, Luz\u00a0 Elena Coloma para recorrer los talleres de artes y oficios de ubicados en la tradicional calle de La Ronda.<\/p>\n<p style=\"text-align: justify;\">Los talleres de tallado, taracea, dorado, restauraci\u00f3n y elaboraci\u00f3n de trompos guardan verdaderas joyas de arte y tradici\u00f3n. Durante el recorrido, artistas como C\u00e9sar Salazar solicitaron \u00a0a la Ministra la colaboraci\u00f3n para buscar mecanismos que permitan a los artesanos acceder a la madera, como cedro y nogal, cada vez m\u00e1s dif\u00edcil de encontrar.<\/p>\n<p style=\"text-align: justify;\">La Ministra ofreci\u00f3 estudiar la alternativa de proveer a los artesanos de la madera incautada en los operativos que se realizan en varios puntos del pa\u00eds. Adem\u00e1s, mostr\u00f3 la disposici\u00f3n de\u00a0 colaborar con el fortalecimiento de las buenas pr\u00e1cticas ambientales de los talleres artesanales del centro de Quito.<\/p>\n<p style=\"text-align: justify;\">Esta Cartera de Estado, a trav\u00e9s de acciones de sensibilizaci\u00f3n a la ciudadan\u00eda, alianzas estrat\u00e9gicas y educaci\u00f3n ambiental, busca promover en la comunidad la sensibilizaci\u00f3n, el respeto y el amor por la naturaleza asociada a la tradici\u00f3n.<\/p>\n","protected":false},"excerpt":{"rendered":"<p class=\"excerpt\">La Ministra del Ambiente, Lorena Tapia, particip\u00f3 de la celebraci\u00f3n religiosa de Domingo de Ramos junto a miles de fieles cat\u00f3licos, quienes se dieron cita en la Plaza de San Francisco, en el Centro Hist\u00f3rico de Quito. Como dicta la tradici\u00f3n, los fieles cat\u00f3licos llevaron ramos hechos con sus\u00a0 manos o comprados a artesanos que aprovechan la temporada de Semana\u00a0&hellip; <a href=\"https:\/\/www.ambienteyenergia.gob.ec\/ambiente\/los-ecuatorianos-se-concientizan-sobre-el-uso-de-la-palma-de-cera-en-domingo-de-ramos\/\">Read more &rarr;<\/a><\/p>\n","protected":false},"author":13,"featured_media":19348,"comment_status":"open","ping_status":"open","sticky":false,"template":"","format":"standard","meta":{"footnotes":""},"categories":[16,4],"tags":[],"class_list":["post-19345","post","type-post","status-publish","format-standard","has-post-thumbnail","hentry","category-comunicamos","category-noticias","xfolkentry"],"_links":{"self":[{"href":"https:\/\/www.ambienteyenergia.gob.ec\/ambiente\/wp-json\/wp\/v2\/posts\/19345","targetHints":{"allow":["GET"]}}],"collection":[{"href":"https:\/\/www.ambienteyenergia.gob.ec\/ambiente\/wp-json\/wp\/v2\/posts"}],"about":[{"href":"https:\/\/www.ambienteyenergia.gob.ec\/ambiente\/wp-json\/wp\/v2\/types\/post"}],"author":[{"embeddable":true,"href":"https:\/\/www.ambienteyenergia.gob.ec\/ambiente\/wp-json\/wp\/v2\/users\/13"}],"replies":[{"embeddable":true,"href":"https:\/\/www.ambienteyenergia.gob.ec\/ambiente\/wp-json\/wp\/v2\/comments?post=19345"}],"version-history":[{"count":0,"href":"https:\/\/www.ambienteyenergia.gob.ec\/ambiente\/wp-json\/wp\/v2\/posts\/19345\/revisions"}],"wp:featuredmedia":[{"embeddable":true,"href":"https:\/\/www.ambienteyenergia.gob.ec\/ambiente\/wp-json\/wp\/v2\/media\/19348"}],"wp:attachment":[{"href":"https:\/\/www.ambienteyenergia.gob.ec\/ambiente\/wp-json\/wp\/v2\/media?parent=19345"}],"wp:term":[{"taxonomy":"category","embeddable":true,"href":"https:\/\/www.ambienteyenergia.gob.ec\/ambiente\/wp-json\/wp\/v2\/categories?post=19345"},{"taxonomy":"post_tag","embeddable":true,"href":"https:\/\/www.ambienteyenergia.gob.ec\/ambiente\/wp-json\/wp\/v2\/tags?post=19345"}],"curies":[{"name":"wp","href":"https:\/\/api.w.org\/{rel}","templated":true}]}}