{"id":19342,"date":"2014-04-11T19:05:32","date_gmt":"2014-04-12T00:05:32","guid":{"rendered":"http:\/\/www.ambiente.gob.ec\/?p=19342"},"modified":"2014-04-11T19:05:32","modified_gmt":"2014-04-12T00:05:32","slug":"campana-tradicion-y-conservacion-van-de-la-mano-ha-despertado-el-interes-ciudadano","status":"publish","type":"post","link":"https:\/\/www.ambienteyenergia.gob.ec\/ambiente\/campana-tradicion-y-conservacion-van-de-la-mano-ha-despertado-el-interes-ciudadano\/","title":{"rendered":"Campa\u00f1a `Tradici\u00f3n y Conservaci\u00f3n van de la mano`, ha despertado el inter\u00e9s ciudadano"},"content":{"rendered":"<p style=\"text-align: justify;\">La Direcci\u00f3n Provincial de Pichincha del Ministerio del Ambiente (MAE) junto a la Unidad de Protecci\u00f3n del Medio Ambiente(UPMA) de la Polic\u00eda Nacional han realizado operativos en conjunto con la finalidad de realizar un control a quienes comercializan palma de cera en la provincia. La campa\u00f1a \u00abTradici\u00f3n y Conservaci\u00f3n van de la mano&#8230; Porque todos buscamos el Buen Vivir\u00bb ha influido en la concienciaci\u00f3n de la ciudadan\u00eda al evitar el uso de este material.<\/p>\n<p style=\"text-align: justify;\">La Palma de Ramos es una planta de lento crecimiento su principal amenaza es la deforestaci\u00f3n masiva de los bosques andinos, en especial en estas fechas donde se da inicio a una de las fiestas religiosas m\u00e1s representativas para los cat\u00f3licos como es la Semana Santa. Es por ello, que el MAE, como principal gestor ambiental de Ecuador, promueve la campa\u00f1a de prevenci\u00f3n y control para evitar la comercializaci\u00f3n de la palma durante esta celebraci\u00f3n cat\u00f3lica.<\/p>\n<p style=\"text-align: justify;\">La Direcci\u00f3n Provincial de Pichincha junto al departamento de Protecci\u00f3n Ambiental de la Polic\u00eda Nacional se encuentran realizando operativos de control para evitar la comercializaci\u00f3n de la palma de cera, desde el jueves 10 de abril. Seg\u00fan la Ley Forestal de Conservaci\u00f3n de \u00c1reas Naturales y Vida Silvestre en su art\u00edculo 78 estipula \u00abQuien pode, tale, descortece, destruya, altere, adquiera, transporte, comercialice, o utilice productos de vida silvestre sin el correspondiente contrato, licencia o autorizaci\u00f3n de aprovechamiento a que estuviera legalmente obligado, o que, teni\u00e9ndolos, se exceda de lo autorizado, ser\u00e1 sancionados con multas equivalentes al valor de uno a diez salarios m\u00ednimos vitales generales y el decomiso de los productos\u00bb.<\/p>\n<p style=\"text-align: justify;\">Uno de los principales ejes de la campa\u00f1a creada por el Ministerio del Ambiente \u00abTradici\u00f3n y Conservaci\u00f3n van de la mano&#8230; Porque todos buscamos el Buen Vivir\u00bb, es la concienciaci\u00f3n del peligro de que dos especies de aves que habitan y anidan en la palma de cera se encuentren en peligro de extinci\u00f3n (Loro orejiamarillo y el perico cachetidorado). Mar\u00eda Gallo, Comerciante del Mercado Mayorista, nos comenta que en centro de comercio ya no se vende este producto, porque seg\u00fan nos dice \u00abla palma es el lugar donde viven varias clases de p\u00e1jaros y debemos cuidarlas\u00bb. Gallo afirma que la gente ahora busca alternativas m\u00e1s apropiadas a la hora de acudir a esta celebraci\u00f3n religiosa.<\/p>\n<p style=\"text-align: justify;\">Otro de los objetivos de la campa\u00f1a creada por el MAE es la propuesta de elaborar ramos alternativos con diferentes plantas como: romero, array\u00e1n, manzanilla, hojas y flores de ma\u00edz, totora, espigas de trigo y cebada, sigse, paja, cipr\u00e9s y laurel, entre otras. El uso de estas especies es recomendable porque su crecimiento y dispersi\u00f3n es m\u00e1s r\u00e1pido comparado con la Palma de Cera.<\/p>\n","protected":false},"excerpt":{"rendered":"<p class=\"excerpt\">La Direcci\u00f3n Provincial de Pichincha del Ministerio del Ambiente (MAE) junto a la Unidad de Protecci\u00f3n del Medio Ambiente(UPMA) de la Polic\u00eda Nacional han realizado operativos en conjunto con la finalidad de realizar un control a quienes comercializan palma de cera en la provincia. La campa\u00f1a \u00abTradici\u00f3n y Conservaci\u00f3n van de la mano&#8230; Porque todos buscamos el Buen Vivir\u00bb ha&hellip; <a href=\"https:\/\/www.ambienteyenergia.gob.ec\/ambiente\/campana-tradicion-y-conservacion-van-de-la-mano-ha-despertado-el-interes-ciudadano\/\">Read more &rarr;<\/a><\/p>\n","protected":false},"author":13,"featured_media":19343,"comment_status":"open","ping_status":"open","sticky":false,"template":"","format":"standard","meta":{"footnotes":""},"categories":[4],"tags":[387,444],"class_list":["post-19342","post","type-post","status-publish","format-standard","has-post-thumbnail","hentry","category-noticias","tag-mae-lorena-tapia","tag-subsecretaria-de-patrimonio-natural","xfolkentry"],"_links":{"self":[{"href":"https:\/\/www.ambienteyenergia.gob.ec\/ambiente\/wp-json\/wp\/v2\/posts\/19342","targetHints":{"allow":["GET"]}}],"collection":[{"href":"https:\/\/www.ambienteyenergia.gob.ec\/ambiente\/wp-json\/wp\/v2\/posts"}],"about":[{"href":"https:\/\/www.ambienteyenergia.gob.ec\/ambiente\/wp-json\/wp\/v2\/types\/post"}],"author":[{"embeddable":true,"href":"https:\/\/www.ambienteyenergia.gob.ec\/ambiente\/wp-json\/wp\/v2\/users\/13"}],"replies":[{"embeddable":true,"href":"https:\/\/www.ambienteyenergia.gob.ec\/ambiente\/wp-json\/wp\/v2\/comments?post=19342"}],"version-history":[{"count":0,"href":"https:\/\/www.ambienteyenergia.gob.ec\/ambiente\/wp-json\/wp\/v2\/posts\/19342\/revisions"}],"wp:featuredmedia":[{"embeddable":true,"href":"https:\/\/www.ambienteyenergia.gob.ec\/ambiente\/wp-json\/wp\/v2\/media\/19343"}],"wp:attachment":[{"href":"https:\/\/www.ambienteyenergia.gob.ec\/ambiente\/wp-json\/wp\/v2\/media?parent=19342"}],"wp:term":[{"taxonomy":"category","embeddable":true,"href":"https:\/\/www.ambienteyenergia.gob.ec\/ambiente\/wp-json\/wp\/v2\/categories?post=19342"},{"taxonomy":"post_tag","embeddable":true,"href":"https:\/\/www.ambienteyenergia.gob.ec\/ambiente\/wp-json\/wp\/v2\/tags?post=19342"}],"curies":[{"name":"wp","href":"https:\/\/api.w.org\/{rel}","templated":true}]}}