{"id":19339,"date":"2014-04-11T17:51:04","date_gmt":"2014-04-11T22:51:04","guid":{"rendered":"http:\/\/www.ambiente.gob.ec\/?p=19339"},"modified":"2014-04-11T17:51:04","modified_gmt":"2014-04-11T22:51:04","slug":"operativo-y-control-de-la-venta-de-palma-de-ramos","status":"publish","type":"post","link":"https:\/\/www.ambienteyenergia.gob.ec\/ambiente\/operativo-y-control-de-la-venta-de-palma-de-ramos\/","title":{"rendered":"Operativo y Control de la venta de Palma de Ramos"},"content":{"rendered":"<p style=\"text-align: justify;\">El Ministerio del Ambiente, como ente rector del cuidado del Ambiente en coordinaci\u00f3n con la Direcci\u00f3n Provincial del Ambiente de Cotopaxi, informa y capacita a la ciudadan\u00eda sobre la importancia del cuidado de la palma de cera como uno de los g\u00e9neros mas importantes que existen en los bosques andinos nublado y subtropical en la serran\u00eda ecuatoriana.<\/p>\n<p style=\"text-align: justify;\">Su crecimiento lento y la amenaza de su deforestaci\u00f3n masiva de los bosques andinos, adem\u00e1s de constituir el h\u00e1bitat de especies como el loro orejiamarillo y el perico cachetidorado, especies en peligro de extinci\u00f3n, la hacen de especial cuidado y protecci\u00f3n, m\u00e1s aun cuando se acerca la celebraci\u00f3n de la Semana Santa en el mundo cat\u00f3lico puesto que sus hojas son utilizadas para la elaboraci\u00f3n de arreglos.<\/p>\n<p style=\"text-align: justify;\">Como parte de los operativos de control de la venta de esta especie, el 11 de abril del 2014, en horas de la ma\u00f1ana se llev\u00f3 a cabo el operativo de control de la venta de Palma de Ramos, en el Cant\u00f3n Latacunga, Mercado Mayorista, ubicado en la Parroquia Eloy Alfaro, teniendo como resultado la retenci\u00f3n de 7 atados de hojas, con aproximadamente 200 hojas cada uno que nos da un total de 1400 hojas y 8 palmas, las mismas que fueron retenidas por parte de los se\u00f1ores guardaparques de la Direcci\u00f3n Provincial del Ambiente de Cotopaxi.<\/p>\n","protected":false},"excerpt":{"rendered":"<p class=\"excerpt\">El Ministerio del Ambiente, como ente rector del cuidado del Ambiente en coordinaci\u00f3n con la Direcci\u00f3n Provincial del Ambiente de Cotopaxi, informa y capacita a la ciudadan\u00eda sobre la importancia del cuidado de la palma de cera como uno de los g\u00e9neros mas importantes que existen en los bosques andinos nublado y subtropical en la serran\u00eda ecuatoriana. Su crecimiento lento&hellip; <a href=\"https:\/\/www.ambienteyenergia.gob.ec\/ambiente\/operativo-y-control-de-la-venta-de-palma-de-ramos\/\">Read more &rarr;<\/a><\/p>\n","protected":false},"author":13,"featured_media":19340,"comment_status":"open","ping_status":"open","sticky":false,"template":"","format":"standard","meta":{"footnotes":""},"categories":[16,4],"tags":[187,387,280,444],"class_list":["post-19339","post","type-post","status-publish","format-standard","has-post-thumbnail","hentry","category-comunicamos","category-noticias","tag-cotopaxi","tag-mae-lorena-tapia","tag-palma-de-ramos","tag-subsecretaria-de-patrimonio-natural","xfolkentry"],"_links":{"self":[{"href":"https:\/\/www.ambienteyenergia.gob.ec\/ambiente\/wp-json\/wp\/v2\/posts\/19339","targetHints":{"allow":["GET"]}}],"collection":[{"href":"https:\/\/www.ambienteyenergia.gob.ec\/ambiente\/wp-json\/wp\/v2\/posts"}],"about":[{"href":"https:\/\/www.ambienteyenergia.gob.ec\/ambiente\/wp-json\/wp\/v2\/types\/post"}],"author":[{"embeddable":true,"href":"https:\/\/www.ambienteyenergia.gob.ec\/ambiente\/wp-json\/wp\/v2\/users\/13"}],"replies":[{"embeddable":true,"href":"https:\/\/www.ambienteyenergia.gob.ec\/ambiente\/wp-json\/wp\/v2\/comments?post=19339"}],"version-history":[{"count":0,"href":"https:\/\/www.ambienteyenergia.gob.ec\/ambiente\/wp-json\/wp\/v2\/posts\/19339\/revisions"}],"wp:featuredmedia":[{"embeddable":true,"href":"https:\/\/www.ambienteyenergia.gob.ec\/ambiente\/wp-json\/wp\/v2\/media\/19340"}],"wp:attachment":[{"href":"https:\/\/www.ambienteyenergia.gob.ec\/ambiente\/wp-json\/wp\/v2\/media?parent=19339"}],"wp:term":[{"taxonomy":"category","embeddable":true,"href":"https:\/\/www.ambienteyenergia.gob.ec\/ambiente\/wp-json\/wp\/v2\/categories?post=19339"},{"taxonomy":"post_tag","embeddable":true,"href":"https:\/\/www.ambienteyenergia.gob.ec\/ambiente\/wp-json\/wp\/v2\/tags?post=19339"}],"curies":[{"name":"wp","href":"https:\/\/api.w.org\/{rel}","templated":true}]}}