{"id":19336,"date":"2014-04-11T16:32:41","date_gmt":"2014-04-11T21:32:41","guid":{"rendered":"http:\/\/www.ambiente.gob.ec\/?p=19336"},"modified":"2014-04-11T16:32:41","modified_gmt":"2014-04-11T21:32:41","slug":"la-direccion-provincial-del-ambiente-de-napo-rescata-un-armadillo-gigante","status":"publish","type":"post","link":"https:\/\/www.ambienteyenergia.gob.ec\/ambiente\/la-direccion-provincial-del-ambiente-de-napo-rescata-un-armadillo-gigante\/","title":{"rendered":"La Direcci\u00f3n Provincial del Ambiente de Napo, rescata un armadillo gigante"},"content":{"rendered":"<p style=\"text-align: justify;\">El Ministerio del Ambiente, a trav\u00e9s de la Direcci\u00f3n Provincial del Ambiente de Napo,\u00a0 en un operativo de control de vida silvestre, realizado este 10 de abril de 2014 en la v\u00eda Holl\u00edn-Loreto,\u00a0 cerca de las 11H00 en el interior de una veh\u00edculo que se movilizaba desde Loreto hacia Quito, se encontr\u00f3 una caja de cart\u00f3n que conten\u00eda un armadillo gigante\u00a0 en estado juvenil. Este esp\u00e9cimen de fauna silvestre\u00a0 estaba siendo transportado en forma inadecuada, pues no ten\u00eda agua ni comida.\u00a0 Los se\u00f1ores que lo llevaban mencionan que lo encontraron en la v\u00eda y lo capturaron\u00a0 para llev\u00e1rselo hasta Quito.<\/p>\n<p style=\"text-align: justify;\">\nAnte esta situaci\u00f3n personal t\u00e9cnico de la Direcci\u00f3n procedi\u00f3 a levantar la respectiva acta de retenci\u00f3n y a su vez socializ\u00f3\u00a0 las sanciones a las que son sujetas las personas que cometen estas acciones en contra de la conservaci\u00f3n.\u00a0 Posteriormente\u00a0 y ante el estado regular del animal se procedi\u00f3 ha trasladarlo hasta un centro de tenencia y manejo de fauna silvestre ubicado en Tena para su revisi\u00f3n,\u00a0 proporcionarle agua y colocarlo en un encierro grande y con bastante vegetaci\u00f3n, el cual es\u00a0 propicio para que encuentre alimento que consiste en gusanos, lombrices y animales invertebrados en general.<br \/>\nLuego de la recuperaci\u00f3n\u00a0 de \u00e1nimo y en posteriores d\u00edas de acuerdo al avance que tenga\u00a0 se proceder\u00e1 con su liberaci\u00f3n en un \u00e1rea protegida\u00a0 para de esta forma garantizar su sobrevivencia.<\/p>\n<p style=\"text-align: justify;\">El Priodontes m\u00e1ximus\u00a0 esta catalogada seg\u00fan la lista roja de la UICN esta en estado vulnerable de extinci\u00f3n.\u00a0 Se encuentra en el Ap\u00e9ndice I de la Convenci\u00f3n sobre el Comercio Internacional de Especies Amenazadas de Fauna y Flora Silvestres (CITES).\u00a0 Esta categor\u00eda\u00a0 es seg\u00fan\u00a0 el grado de amenaza\u00a0 que tiene la especie debido al comercio internacional.<\/p>\n<p style=\"text-align: justify;\">\nLa Direcci\u00f3n Provincial del ambiente de Napo a trav\u00e9s del \u00e1rea de vida silvestre y guardaparques de la Reserva Ecol\u00f3gica Antisana y Parque Nacional Sumaco Napo Galeras, se encuentra en constante capacitaciones sobre conservaci\u00f3n de la flora y fauna silvestre de la provincia con la finalidad de minimizar el tr\u00e1fico y comercializaci\u00f3n de la misma.<\/p>\n","protected":false},"excerpt":{"rendered":"<p class=\"excerpt\">El Ministerio del Ambiente, a trav\u00e9s de la Direcci\u00f3n Provincial del Ambiente de Napo,\u00a0 en un operativo de control de vida silvestre, realizado este 10 de abril de 2014 en la v\u00eda Holl\u00edn-Loreto,\u00a0 cerca de las 11H00 en el interior de una veh\u00edculo que se movilizaba desde Loreto hacia Quito, se encontr\u00f3 una caja de cart\u00f3n que conten\u00eda un armadillo&hellip; <a href=\"https:\/\/www.ambienteyenergia.gob.ec\/ambiente\/la-direccion-provincial-del-ambiente-de-napo-rescata-un-armadillo-gigante\/\">Read more &rarr;<\/a><\/p>\n","protected":false},"author":13,"featured_media":19337,"comment_status":"open","ping_status":"open","sticky":false,"template":"","format":"standard","meta":{"footnotes":""},"categories":[16,4],"tags":[],"class_list":["post-19336","post","type-post","status-publish","format-standard","has-post-thumbnail","hentry","category-comunicamos","category-noticias","xfolkentry"],"_links":{"self":[{"href":"https:\/\/www.ambienteyenergia.gob.ec\/ambiente\/wp-json\/wp\/v2\/posts\/19336","targetHints":{"allow":["GET"]}}],"collection":[{"href":"https:\/\/www.ambienteyenergia.gob.ec\/ambiente\/wp-json\/wp\/v2\/posts"}],"about":[{"href":"https:\/\/www.ambienteyenergia.gob.ec\/ambiente\/wp-json\/wp\/v2\/types\/post"}],"author":[{"embeddable":true,"href":"https:\/\/www.ambienteyenergia.gob.ec\/ambiente\/wp-json\/wp\/v2\/users\/13"}],"replies":[{"embeddable":true,"href":"https:\/\/www.ambienteyenergia.gob.ec\/ambiente\/wp-json\/wp\/v2\/comments?post=19336"}],"version-history":[{"count":0,"href":"https:\/\/www.ambienteyenergia.gob.ec\/ambiente\/wp-json\/wp\/v2\/posts\/19336\/revisions"}],"wp:featuredmedia":[{"embeddable":true,"href":"https:\/\/www.ambienteyenergia.gob.ec\/ambiente\/wp-json\/wp\/v2\/media\/19337"}],"wp:attachment":[{"href":"https:\/\/www.ambienteyenergia.gob.ec\/ambiente\/wp-json\/wp\/v2\/media?parent=19336"}],"wp:term":[{"taxonomy":"category","embeddable":true,"href":"https:\/\/www.ambienteyenergia.gob.ec\/ambiente\/wp-json\/wp\/v2\/categories?post=19336"},{"taxonomy":"post_tag","embeddable":true,"href":"https:\/\/www.ambienteyenergia.gob.ec\/ambiente\/wp-json\/wp\/v2\/tags?post=19336"}],"curies":[{"name":"wp","href":"https:\/\/api.w.org\/{rel}","templated":true}]}}