{"id":19333,"date":"2014-04-11T16:11:46","date_gmt":"2014-04-11T21:11:46","guid":{"rendered":"http:\/\/www.ambiente.gob.ec\/?p=19333"},"modified":"2014-04-11T16:12:01","modified_gmt":"2014-04-11T21:12:01","slug":"mae-continua-con-operativos-de-control-de-palma-de-cera","status":"publish","type":"post","link":"https:\/\/www.ambienteyenergia.gob.ec\/ambiente\/mae-continua-con-operativos-de-control-de-palma-de-cera\/","title":{"rendered":"MAE continua con operativos de control de palma de cera"},"content":{"rendered":"<p>Como parte de la campa\u00f1a &#8216;Tradici\u00f3n y Conservaci\u00f3n van de la mano&#8217;, el\u00a0 Ministerio del Ambiente del Ambiente del Ecuador (MAE), a trav\u00e9s de la Direcci\u00f3n de Provincial de Cotopaxi ha intensificado los operativos de control de venta de palma de cera en el marco de la celebraci\u00f3n religiosa Domingo de Ramos, con el objetivo de evitar la destrucci\u00f3n de esta especie.<\/p>\n<p>Uno de los prop\u00f3sitos de esta iniciativa es sensibilizar a la poblaci\u00f3n sobre la importancia que tiene la palma de cera en los ecosistemas, el ambiente y los animales que habitan en ella. Asimismo, se busca precautelar el bienestar del loro orejiamarillo y el perico cachetidorado, dos especies de fauna\u00a0 que se encuentran en peligro de extinci\u00f3n y que hacen de la palma su hogar.<\/p>\n<p>En ese sentido, la Direcci\u00f3n Provincial del Ambiente de Cotopaxi ha ejecutado varios operativos en los diferentes cantones, con el fin de evitar la comercializaci\u00f3n ilegal de esta especie. En la Plaza Vicente Rocafuerte del cant\u00f3n Saquisil\u00ed, por ejemplo, se retuvieron 785 hojas\u00a0\u00a0 y 775 adornos elaborados con palma de cera.<\/p>\n<p>El MAE hace un llamado a la ciudadan\u00eda para que no utilice la palma de cera y para que la reemplace con materiales alternativos como: romero, array\u00e1n, manzanilla, hojas y flores de ma\u00edz, totora espigas de trigo y cebada, sigse, paja, cipr\u00e9s, laurel, entre otros.<\/p>\n<p>En comparaci\u00f3n con otros a\u00f1os los decomisos han reducido notablemente, esto gracias a la socializaci\u00f3n de la campa\u00f1a &#8216;Tradici\u00f3n y Conservaci\u00f3n van de la mano&#8217; y la creciente responsabilidad ambiental de la poblaci\u00f3n, convirti\u00e9ndose\u00a0 en aliados estrat\u00e9gicos de esta Cartera de Estado.<\/p>\n<p>&nbsp;<\/p>\n","protected":false},"excerpt":{"rendered":"<p class=\"excerpt\">Como parte de la campa\u00f1a &#8216;Tradici\u00f3n y Conservaci\u00f3n van de la mano&#8217;, el\u00a0 Ministerio del Ambiente del Ambiente del Ecuador (MAE), a trav\u00e9s de la Direcci\u00f3n de Provincial de Cotopaxi ha intensificado los operativos de control de venta de palma de cera en el marco de la celebraci\u00f3n religiosa Domingo de Ramos, con el objetivo de evitar la destrucci\u00f3n de&hellip; <a href=\"https:\/\/www.ambienteyenergia.gob.ec\/ambiente\/mae-continua-con-operativos-de-control-de-palma-de-cera\/\">Read more &rarr;<\/a><\/p>\n","protected":false},"author":13,"featured_media":19334,"comment_status":"open","ping_status":"open","sticky":false,"template":"","format":"standard","meta":{"footnotes":""},"categories":[16,4],"tags":[],"class_list":["post-19333","post","type-post","status-publish","format-standard","has-post-thumbnail","hentry","category-comunicamos","category-noticias","xfolkentry"],"_links":{"self":[{"href":"https:\/\/www.ambienteyenergia.gob.ec\/ambiente\/wp-json\/wp\/v2\/posts\/19333","targetHints":{"allow":["GET"]}}],"collection":[{"href":"https:\/\/www.ambienteyenergia.gob.ec\/ambiente\/wp-json\/wp\/v2\/posts"}],"about":[{"href":"https:\/\/www.ambienteyenergia.gob.ec\/ambiente\/wp-json\/wp\/v2\/types\/post"}],"author":[{"embeddable":true,"href":"https:\/\/www.ambienteyenergia.gob.ec\/ambiente\/wp-json\/wp\/v2\/users\/13"}],"replies":[{"embeddable":true,"href":"https:\/\/www.ambienteyenergia.gob.ec\/ambiente\/wp-json\/wp\/v2\/comments?post=19333"}],"version-history":[{"count":0,"href":"https:\/\/www.ambienteyenergia.gob.ec\/ambiente\/wp-json\/wp\/v2\/posts\/19333\/revisions"}],"wp:featuredmedia":[{"embeddable":true,"href":"https:\/\/www.ambienteyenergia.gob.ec\/ambiente\/wp-json\/wp\/v2\/media\/19334"}],"wp:attachment":[{"href":"https:\/\/www.ambienteyenergia.gob.ec\/ambiente\/wp-json\/wp\/v2\/media?parent=19333"}],"wp:term":[{"taxonomy":"category","embeddable":true,"href":"https:\/\/www.ambienteyenergia.gob.ec\/ambiente\/wp-json\/wp\/v2\/categories?post=19333"},{"taxonomy":"post_tag","embeddable":true,"href":"https:\/\/www.ambienteyenergia.gob.ec\/ambiente\/wp-json\/wp\/v2\/tags?post=19333"}],"curies":[{"name":"wp","href":"https:\/\/api.w.org\/{rel}","templated":true}]}}