{"id":19328,"date":"2014-04-10T14:57:30","date_gmt":"2014-04-10T19:57:30","guid":{"rendered":"http:\/\/www.ambiente.gob.ec\/?p=19328"},"modified":"2014-04-10T14:57:30","modified_gmt":"2014-04-10T19:57:30","slug":"mae-invierte-usd-356-62252-en-equipamiento-para-10-areas-protegidas-del-pais","status":"publish","type":"post","link":"https:\/\/www.ambienteyenergia.gob.ec\/ambiente\/mae-invierte-usd-356-62252-en-equipamiento-para-10-areas-protegidas-del-pais\/","title":{"rendered":"MAE invierte USD 356 622,52 en equipamiento para 10 \u00e1reas protegidas del pa\u00eds"},"content":{"rendered":"<p style=\"text-align: justify;\">El Ministerio del Ambiente del Ecuador (MAE), a trav\u00e9s de la Subsecretaria de Patrimonio Natural, realiz\u00f3 la entrega de equipamiento para el control y vigilancia de diferentes \u00e1reas protegidas a nivel nacional, en el marco de la inauguraci\u00f3n del Centro Audiovisual en el sector Mariscal Sucre del Parque Nacional Cotopaxi.<\/p>\n<p style=\"text-align: justify;\">El evento cont\u00f3 con la participaci\u00f3n de Christian Ter\u00e1n, Subsecretario de Patrimonio Natural; Francisco Prieto, Director Nacional de Biodiversidad; Pablo Drouet, Gerente del Programa de Apoyo al SNAP y representantes de 10 \u00e1reas protegidas a nivel nacional, a quienes se entreg\u00f3 material de monitoreo y control.<\/p>\n<p style=\"text-align: justify;\">En su intervenci\u00f3n, Christian Ter\u00e1n agradeci\u00f3 la cooperaci\u00f3n a KFW por el apoyo brindado al Sistema Nacional de \u00c1reas Protegidas para el equipamiento de las diferentes \u00e1reas protegidas que hoy se benefician con diferentes implementos de trabajo para la conservaci\u00f3n y vigilancia de estas zonas que tienen vital importancia para el Estado ecuatoriano.<\/p>\n<p style=\"text-align: justify;\">El fortalecimiento de las \u00e1reas protegidas implica la implementaci\u00f3n de una serie de actividades a diferentes niveles. Uno de esos niveles lo constituye el operativo, necesario para ejecutar los programas enunciados en los diferentes instrumentos de planificaci\u00f3n y gesti\u00f3n.<\/p>\n<p style=\"text-align: justify;\">Por tal motivo, se realiz\u00f3 la entrega de 3 659 equipos, entre veh\u00edculos, motocicletas, equipos GPS, binoculares, c\u00e1maras trampa y chips de monitoreo de vida silvestre, que ayudar\u00e1n y agilizar\u00e1n las labores de monitoreo y vigilancia del personal del MAE que trabaja activamente para precautelar las condiciones de la flora y fauna silvestre en las \u00e1reas protegidas a nivel nacional.<\/p>\n<p style=\"text-align: justify;\">Por su parte, Pablo Drouet felicit\u00f3 la labor emprendida por cada una de las personas que forma parte de las \u00e1reas protegidas, asegurando adem\u00e1s que estas iniciativas por parte del MAE tienen como objetivo facilitar el arduo trabajo que se realiza para el monitoreo de las \u00e1reas protegidas y de vida silvestre.<\/p>\n<p style=\"text-align: justify;\">A trav\u00e9s del programa se espera mejorar la capacidad operativa de las \u00e1reas protegidas en las acciones prioritarias que sus gestores definan, apoyando a la dotaci\u00f3n o restituci\u00f3n de equipos, materiales y\/o veh\u00edculos de diferentes tipos con una inversi\u00f3n total de USD 356 622, 52.<\/p>\n<p style=\"text-align: justify;\">En este sentido, el Programa de Apoyo al Sistema Nacional de \u00c1reas Protegidas ha realizado la adquisici\u00f3n de camionetas y motocicletas que faciliten la movilizaci\u00f3n durante las diversas actividades de gesti\u00f3n de las \u00e1reas protegidas priorizadas para esta ocasi\u00f3n, las cuales han sido seleccionadas considerando no solo la carencia u obsolencia de los bienes a adquirir, sino tambi\u00e9n, la complejidad de su gobernanza.<\/p>\n<p style=\"text-align: justify;\"><b>Las \u00e1reas protegidas beneficiadas son:<\/b><\/p>\n<ul style=\"text-align: justify;\">\n<li>Parque Nacional Cotopaxi<\/li>\n<li>Parque Nacional Llanganates<\/li>\n<li>Parque Nacional Cayambe Coca Zona Baja<\/li>\n<li>Parque Nacional Sangay Zona Baja<\/li>\n<li>Parque Nacional Sangay Zona Alta<\/li>\n<li>Reserva Ecol\u00f3gica Cotacachi Cayapas Zona Baja<\/li>\n<li>Reserva Ecol\u00f3gica Cotacachi Cayapas Zona Alta<\/li>\n<li>Reserva Marina Galeras San Francisco<\/li>\n<li>Reserva de Producci\u00f3n Marino Costera Puntilla Santa Elena<\/li>\n<li>Refugio Isla Coraz\u00f3n y Fragatas<\/li>\n<\/ul>\n<p style=\"text-align: justify;\">\n","protected":false},"excerpt":{"rendered":"<p class=\"excerpt\">El Ministerio del Ambiente del Ecuador (MAE), a trav\u00e9s de la Subsecretaria de Patrimonio Natural, realiz\u00f3 la entrega de equipamiento para el control y vigilancia de diferentes \u00e1reas protegidas a nivel nacional, en el marco de la inauguraci\u00f3n del Centro Audiovisual en el sector Mariscal Sucre del Parque Nacional Cotopaxi. El evento cont\u00f3 con la participaci\u00f3n de Christian Ter\u00e1n, Subsecretario&hellip; <a href=\"https:\/\/www.ambienteyenergia.gob.ec\/ambiente\/mae-invierte-usd-356-62252-en-equipamiento-para-10-areas-protegidas-del-pais\/\">Read more &rarr;<\/a><\/p>\n","protected":false},"author":13,"featured_media":19329,"comment_status":"open","ping_status":"open","sticky":false,"template":"","format":"standard","meta":{"footnotes":""},"categories":[16,4],"tags":[],"class_list":["post-19328","post","type-post","status-publish","format-standard","has-post-thumbnail","hentry","category-comunicamos","category-noticias","xfolkentry"],"_links":{"self":[{"href":"https:\/\/www.ambienteyenergia.gob.ec\/ambiente\/wp-json\/wp\/v2\/posts\/19328","targetHints":{"allow":["GET"]}}],"collection":[{"href":"https:\/\/www.ambienteyenergia.gob.ec\/ambiente\/wp-json\/wp\/v2\/posts"}],"about":[{"href":"https:\/\/www.ambienteyenergia.gob.ec\/ambiente\/wp-json\/wp\/v2\/types\/post"}],"author":[{"embeddable":true,"href":"https:\/\/www.ambienteyenergia.gob.ec\/ambiente\/wp-json\/wp\/v2\/users\/13"}],"replies":[{"embeddable":true,"href":"https:\/\/www.ambienteyenergia.gob.ec\/ambiente\/wp-json\/wp\/v2\/comments?post=19328"}],"version-history":[{"count":0,"href":"https:\/\/www.ambienteyenergia.gob.ec\/ambiente\/wp-json\/wp\/v2\/posts\/19328\/revisions"}],"wp:featuredmedia":[{"embeddable":true,"href":"https:\/\/www.ambienteyenergia.gob.ec\/ambiente\/wp-json\/wp\/v2\/media\/19329"}],"wp:attachment":[{"href":"https:\/\/www.ambienteyenergia.gob.ec\/ambiente\/wp-json\/wp\/v2\/media?parent=19328"}],"wp:term":[{"taxonomy":"category","embeddable":true,"href":"https:\/\/www.ambienteyenergia.gob.ec\/ambiente\/wp-json\/wp\/v2\/categories?post=19328"},{"taxonomy":"post_tag","embeddable":true,"href":"https:\/\/www.ambienteyenergia.gob.ec\/ambiente\/wp-json\/wp\/v2\/tags?post=19328"}],"curies":[{"name":"wp","href":"https:\/\/api.w.org\/{rel}","templated":true}]}}