{"id":19321,"date":"2014-04-10T14:19:41","date_gmt":"2014-04-10T19:19:41","guid":{"rendered":"http:\/\/www.ambiente.gob.ec\/?p=19321"},"modified":"2014-04-10T14:19:41","modified_gmt":"2014-04-10T19:19:41","slug":"mae-decomiso-55-m%c2%b3-de-madera-en-chimborazo-por-no-contar-con-la-guia-de-circulacion","status":"publish","type":"post","link":"https:\/\/www.ambienteyenergia.gob.ec\/ambiente\/mae-decomiso-55-m%c2%b3-de-madera-en-chimborazo-por-no-contar-con-la-guia-de-circulacion\/","title":{"rendered":"MAE decomis\u00f3 5,5 m\u00b3 de madera en Chimborazo por no contar con la gu\u00eda de circulaci\u00f3n"},"content":{"rendered":"<p style=\"text-align: justify;\">El Ministerio del Ambiente del Ecuador (MAE), a trav\u00e9s de la Direcci\u00f3n Provincial de Chimborazo y en coordinaci\u00f3n con el personal de la Unidad de Protecci\u00f3n del Medio Ambiente (UPMA) de la polic\u00eda, realiz\u00f3 varios operativos de Control en el cant\u00f3n Guano, con la finalidad de reducir el tr\u00e1fico y comercializaci\u00f3n de productos forestales y de vida silvestre en la v\u00eda Riobamba &#8211; Guano.<\/p>\n<p style=\"text-align: justify;\">Durante el operativo de control, t\u00e9cnicos de la Direcci\u00f3n de Chimborazo con el respaldo de la autoridad policial, detuvieron a un veh\u00edculo que circulaba sin la respectiva gu\u00eda de movilizaci\u00f3n de madera, por lo que se procedi\u00f3 de inmediato al decomiso del producto y del medio de transporte. El volumen retenido fue de 5,5 m\u00b3 de madera rolliza de Eucalipto (Eucalyptus globulus).<\/p>\n<p style=\"text-align: justify;\">El MAE continuar\u00e1 con los controles en todo el pa\u00eds, con la finalidad de regularizar el transporte de productos maderables y no maderables, desde el bosque hasta el lugar de destino. Adem\u00e1s, se desarrollan constantes charlas de Educaci\u00f3n Ambiental para fomentar una gesti\u00f3n adecuada de los recursos naturales.<\/p>\n<p style=\"text-align: justify;\">Las socializaciones y operativos de control buscan principalmente fortalecer la conservaci\u00f3n y protecci\u00f3n del ambiente, es por eso, que esta Cartera de Estado hace un llamado a la ciudadan\u00eda a cumplir con lo estipulado en la Ley Forestal, para evitar sanciones.<\/p>\n","protected":false},"excerpt":{"rendered":"<p class=\"excerpt\">El Ministerio del Ambiente del Ecuador (MAE), a trav\u00e9s de la Direcci\u00f3n Provincial de Chimborazo y en coordinaci\u00f3n con el personal de la Unidad de Protecci\u00f3n del Medio Ambiente (UPMA) de la polic\u00eda, realiz\u00f3 varios operativos de Control en el cant\u00f3n Guano, con la finalidad de reducir el tr\u00e1fico y comercializaci\u00f3n de productos forestales y de vida silvestre en la&hellip; <a href=\"https:\/\/www.ambienteyenergia.gob.ec\/ambiente\/mae-decomiso-55-m%c2%b3-de-madera-en-chimborazo-por-no-contar-con-la-guia-de-circulacion\/\">Read more &rarr;<\/a><\/p>\n","protected":false},"author":13,"featured_media":19322,"comment_status":"open","ping_status":"open","sticky":false,"template":"","format":"standard","meta":{"footnotes":""},"categories":[16,4],"tags":[],"class_list":["post-19321","post","type-post","status-publish","format-standard","has-post-thumbnail","hentry","category-comunicamos","category-noticias","xfolkentry"],"_links":{"self":[{"href":"https:\/\/www.ambienteyenergia.gob.ec\/ambiente\/wp-json\/wp\/v2\/posts\/19321","targetHints":{"allow":["GET"]}}],"collection":[{"href":"https:\/\/www.ambienteyenergia.gob.ec\/ambiente\/wp-json\/wp\/v2\/posts"}],"about":[{"href":"https:\/\/www.ambienteyenergia.gob.ec\/ambiente\/wp-json\/wp\/v2\/types\/post"}],"author":[{"embeddable":true,"href":"https:\/\/www.ambienteyenergia.gob.ec\/ambiente\/wp-json\/wp\/v2\/users\/13"}],"replies":[{"embeddable":true,"href":"https:\/\/www.ambienteyenergia.gob.ec\/ambiente\/wp-json\/wp\/v2\/comments?post=19321"}],"version-history":[{"count":0,"href":"https:\/\/www.ambienteyenergia.gob.ec\/ambiente\/wp-json\/wp\/v2\/posts\/19321\/revisions"}],"wp:featuredmedia":[{"embeddable":true,"href":"https:\/\/www.ambienteyenergia.gob.ec\/ambiente\/wp-json\/wp\/v2\/media\/19322"}],"wp:attachment":[{"href":"https:\/\/www.ambienteyenergia.gob.ec\/ambiente\/wp-json\/wp\/v2\/media?parent=19321"}],"wp:term":[{"taxonomy":"category","embeddable":true,"href":"https:\/\/www.ambienteyenergia.gob.ec\/ambiente\/wp-json\/wp\/v2\/categories?post=19321"},{"taxonomy":"post_tag","embeddable":true,"href":"https:\/\/www.ambienteyenergia.gob.ec\/ambiente\/wp-json\/wp\/v2\/tags?post=19321"}],"curies":[{"name":"wp","href":"https:\/\/api.w.org\/{rel}","templated":true}]}}