{"id":19314,"date":"2014-04-10T09:41:43","date_gmt":"2014-04-10T14:41:43","guid":{"rendered":"http:\/\/www.ambiente.gob.ec\/?p=19314"},"modified":"2014-04-10T09:41:43","modified_gmt":"2014-04-10T14:41:43","slug":"primer-concurso-nacional-de-fotografia-ecuador-por-la-tierra","status":"publish","type":"post","link":"https:\/\/www.ambienteyenergia.gob.ec\/ambiente\/primer-concurso-nacional-de-fotografia-ecuador-por-la-tierra\/","title":{"rendered":"Primer Concurso Nacional de Fotograf\u00eda &#8216;Ecuador por la Tierra&#8217;"},"content":{"rendered":"<p style=\"text-align: justify;\">En conmemoraci\u00f3n al D\u00eda Internacional de la Madre Tierra, que se celebra el 22 de abril,\u00a0 el Ministerio del Ambiente del Ecuador (MAE) invita a la ciudadan\u00eda a participar en el Primer Concurso Nacional de Fotograf\u00eda \u00abEcuador por la Tierra\u00bb, que tiene como prop\u00f3sito concienciar a la poblaci\u00f3n sobre la importancia de conservar los recursos naturales, reflexionando sobre las acciones que se pueden realizar para cuidar el planeta.<\/p>\n<p style=\"text-align: justify;\">\nEl Concurso est\u00e1 dirigido a todas las personas mayores de edad, profesionales o aficionadas a la fotograf\u00eda, que tengan un apego hacia la belleza natural, los maravillosos paisajes y la biodiversidad que tiene el Ecuador.<\/p>\n<p style=\"text-align: justify;\">\n<strong>Bases del concurso<\/strong><br \/>\nLas fotos pueden ser tomadas en cualquier lugar del pa\u00eds y pueden abordar tem\u00e1ticas como ciudades verdes, paisajes de ensue\u00f1o, biodiversidad y amigos del planeta (personajes que por sus labores pueden considerarse aliados del ambiente).<\/p>\n<p style=\"text-align: justify;\">\nSe entregar\u00e1n m\u00e1ximo tres fotograf\u00edas por participante, dentro de cualquiera de los temas establecidos, en formato JPG, con una resoluci\u00f3n de 300 dpi y que no excedan los 8 MB. El nombre del archivo deber\u00e1 ser el t\u00edtulo de la fotograf\u00eda.<\/p>\n<p style=\"text-align: justify;\">\nLa t\u00e9cnica es libre, podr\u00e1n concursar fotos en blanco y negro o a color que sean capturadas con c\u00e1maras de fotos, dispositivos m\u00f3viles o tel\u00e9fonos celulares.<\/p>\n<p style=\"text-align: justify;\">\nNo podr\u00e1n participar fotograf\u00edas de personas en situaci\u00f3n de vulnerabilidad y los autores ser\u00e1n los responsables de respetar las normas \u00e9ticas relacionadas con la captura de im\u00e1genes de seres humanos. Asimismo, no se podr\u00e1n incluir im\u00e1genes que hayan participado u obtenido premios en otro(s) concurso(s).<\/p>\n<p style=\"text-align: justify;\">\n<strong>\u00bfA d\u00f3nde enviar las fotograf\u00edas?<\/strong><\/p>\n<p style=\"text-align: justify;\">\nLas fotograf\u00edas deber\u00e1n ser enviadas por correo electr\u00f3nico a la direcci\u00f3n: informacion-mae@ambiente.gob.ec (en formato jpg). Adicionalmente, en un archivo Word se deben enviar los siguientes datos:<\/p>\n<p style=\"text-align: justify;\">\n\u2022\u00a0\u00a0 \u00a0Nombres y apellidos del autor\/a<br \/>\n\u2022\u00a0\u00a0 \u00a0N\u00famero de c\u00e9dula de identidad<br \/>\n\u2022\u00a0\u00a0 \u00a0N\u00famero de tel\u00e9fono (Celular y convencional)<br \/>\n\u2022\u00a0\u00a0 \u00a0Ciudad<br \/>\n\u2022\u00a0\u00a0 \u00a0Correo electr\u00f3nico<br \/>\n\u2022\u00a0\u00a0 \u00a0N\u00famero de fotos con las que participa, t\u00edtulo de cada una, el mensaje que desea transmitir con la foto que env\u00eda y la descripci\u00f3n de la misma (En d\u00f3nde fue tomada, que se puede ver en la foto, etc.).<\/p>\n<p style=\"text-align: justify;\">\nSi las fotograf\u00edas son enviadas con datos incompletos no ser\u00e1n tomas en cuenta. Es importante recalcar, que las inscripciones ser\u00e1n confirmadas, enviando un correo electr\u00f3nico desde la cuenta informacion-mae@ambiente.gob.ec.<\/p>\n<p><strong>Proceso del concurso<\/strong><\/p>\n<p style=\"text-align: justify;\">\nTodas las fotograf\u00edas que cumplan con lo requerido, se publicar\u00e1n en la fanpage de Facebook del Ministerio del Ambiente: facebook.com\/AmbienteEc y las 12 fotograf\u00edas con mayor n\u00famero de likes ser\u00e1n parte de una exposici\u00f3n que realizar\u00e1 esta Cartera de Estado en espacios p\u00fablicos de las capitales provinciales, en mayo del 2014.<\/p>\n<p style=\"text-align: justify;\">\nDe estas 12 fotograf\u00edas se escoger\u00e1n las 4 ganadoras, a trav\u00e9s de un comit\u00e9, las cuales ser\u00e1n anunciadas por las redes sociales del Ministerio del Ambiente (facebook: AmbienteEc y twitter: @ambiente_ec) el 22 de abril, D\u00eda Internacional de La Madre Tierra.<\/p>\n<p style=\"text-align: justify;\">\n<strong>Plazo<\/strong><\/p>\n<p style=\"text-align: justify;\">\nEl plazo para enviar las fotograf\u00edas y los datos de los participantes ser\u00e1 del 10 al 21 de abril de 2014 (hasta las 13:00).<\/p>\n<p style=\"text-align: justify;\">\n<strong>Premiaci\u00f3n<\/strong><\/p>\n<p style=\"text-align: justify;\">\nEl primer lugar se har\u00e1 acreedor a una noche y un d\u00eda en las \u00e1reas protegidas El Boliche y Cotopaxi para cuatro personas con todos los gastos pagados (estad\u00eda, alimentaci\u00f3n y transporte entre \u00e1reas protegidas).<\/p>\n<p style=\"text-align: justify;\">\nPara el segundo lugar, el premio es una visita guiada con gastos de alimentaci\u00f3n y transporte durante un d\u00eda para dos personas al Cotopaxi. Los ganadores del tercer y cuarto lugar, recibir\u00e1n un lote de libros del MAE.<\/p>\n<p style=\"text-align: justify;\">\nLos cuatro primeros lugares, adem\u00e1s de los premios ya mencionados, recibir\u00e1n un certificado otorgado por la Ministra del Ambiente, Lorena Tapia, en el que conste la fotograf\u00eda impresa en alta resoluci\u00f3n.<\/p>\n<p style=\"text-align: justify;\">\nLos premios ser\u00e1n entregados a los participantes acreditados en las fichas de inscripci\u00f3n, previo a la verificaci\u00f3n de los datos enviados, en el edificio de planta central del Ministerio del Ambiente en Quito, ubicado en las calles Madrid 1159 y Andaluc\u00eda o en la Direcci\u00f3n Provincial m\u00e1s cercana a su lugar de residencia, del 12 al 16 de mayo del 2014.<\/p>\n<p style=\"text-align: justify;\"><strong>Inf\u00f3rmate sobre todas las bases del concurso <a href=\"http:\/\/www.ambienteyenergia.gob.ec\/ambiente\/wp-content\/uploads\/downloads\/2014\/04\/Concurso-Di%CC%81a-de-la-Tierra-CORREGIDO.pdf\">aqu\u00ed<\/a><\/strong><\/p>\n","protected":false},"excerpt":{"rendered":"<p class=\"excerpt\">En conmemoraci\u00f3n al D\u00eda Internacional de la Madre Tierra, que se celebra el 22 de abril,\u00a0 el Ministerio del Ambiente del Ecuador (MAE) invita a la ciudadan\u00eda a participar en el Primer Concurso Nacional de Fotograf\u00eda \u00abEcuador por la Tierra\u00bb, que tiene como prop\u00f3sito concienciar a la poblaci\u00f3n sobre la importancia de conservar los recursos naturales, reflexionando sobre las acciones&hellip; <a href=\"https:\/\/www.ambienteyenergia.gob.ec\/ambiente\/primer-concurso-nacional-de-fotografia-ecuador-por-la-tierra\/\">Read more &rarr;<\/a><\/p>\n","protected":false},"author":13,"featured_media":19315,"comment_status":"open","ping_status":"open","sticky":false,"template":"","format":"standard","meta":{"footnotes":""},"categories":[16,4,10],"tags":[],"class_list":["post-19314","post","type-post","status-publish","format-standard","has-post-thumbnail","hentry","category-comunicamos","category-noticias","category-noticias-destacadas","xfolkentry"],"_links":{"self":[{"href":"https:\/\/www.ambienteyenergia.gob.ec\/ambiente\/wp-json\/wp\/v2\/posts\/19314","targetHints":{"allow":["GET"]}}],"collection":[{"href":"https:\/\/www.ambienteyenergia.gob.ec\/ambiente\/wp-json\/wp\/v2\/posts"}],"about":[{"href":"https:\/\/www.ambienteyenergia.gob.ec\/ambiente\/wp-json\/wp\/v2\/types\/post"}],"author":[{"embeddable":true,"href":"https:\/\/www.ambienteyenergia.gob.ec\/ambiente\/wp-json\/wp\/v2\/users\/13"}],"replies":[{"embeddable":true,"href":"https:\/\/www.ambienteyenergia.gob.ec\/ambiente\/wp-json\/wp\/v2\/comments?post=19314"}],"version-history":[{"count":0,"href":"https:\/\/www.ambienteyenergia.gob.ec\/ambiente\/wp-json\/wp\/v2\/posts\/19314\/revisions"}],"wp:featuredmedia":[{"embeddable":true,"href":"https:\/\/www.ambienteyenergia.gob.ec\/ambiente\/wp-json\/wp\/v2\/media\/19315"}],"wp:attachment":[{"href":"https:\/\/www.ambienteyenergia.gob.ec\/ambiente\/wp-json\/wp\/v2\/media?parent=19314"}],"wp:term":[{"taxonomy":"category","embeddable":true,"href":"https:\/\/www.ambienteyenergia.gob.ec\/ambiente\/wp-json\/wp\/v2\/categories?post=19314"},{"taxonomy":"post_tag","embeddable":true,"href":"https:\/\/www.ambienteyenergia.gob.ec\/ambiente\/wp-json\/wp\/v2\/tags?post=19314"}],"curies":[{"name":"wp","href":"https:\/\/api.w.org\/{rel}","templated":true}]}}