{"id":19310,"date":"2014-04-09T17:57:13","date_gmt":"2014-04-09T22:57:13","guid":{"rendered":"http:\/\/www.ambiente.gob.ec\/?p=19310"},"modified":"2014-04-09T17:57:13","modified_gmt":"2014-04-09T22:57:13","slug":"segundo-dialogo-internacional-sobre-finanzas-para-la-biodiversidad","status":"publish","type":"post","link":"https:\/\/www.ambienteyenergia.gob.ec\/ambiente\/segundo-dialogo-internacional-sobre-finanzas-para-la-biodiversidad\/","title":{"rendered":"Segundo Di\u00e1logo Internacional sobre Finanzas para la Biodiversidad"},"content":{"rendered":"<p style=\"text-align: justify;\">Con el objetivo de apoyar las Decisiones del Convenio de Diversidad Biol\u00f3gica (CDB) relacionadas al financiamiento de las Estrategias Nacionales de Biodiversidad, se re\u00fanen del 9 al 12 de abril, en la ciudad de Quito, delegaciones oficiales de cuarenta pa\u00edses y cerca de veinte organizaciones intergubernamentales y de la sociedad civil.<\/p>\n<p style=\"text-align: justify;\">La sesi\u00f3n de apertura del Segundo Dialogo Internacional, denominado Quito II, cont\u00f3 con la presencia de Christian Ter\u00e1n, Subsecretario de Patrimonio Natural del Ministerio del Ambiente; Mar\u00eda Schultz, representante de SwedBio de Suecia y Frances Ogwal, en representaci\u00f3n de Uganda, como co-presidentes del Dialogo; y, el se\u00f1or Braulio Dias, Secretario Ejecutivo del Convenio sobre la Diversidad Biol\u00f3gica.<\/p>\n<p style=\"text-align: justify;\">Esta reuni\u00f3n se da en el marco del seguimiento al primer di\u00e1logo internacional que se llev\u00f3 a cabo en marzo del 2012 (Quito), en el que se exploraron oportunidades para promover un incremento en los niveles de financiamiento para la conservaci\u00f3n y cuyos resultados se presentaron en octubre del mismo a\u00f1o, en Hyderabad, India, durante la COP 12 del CDB.<\/p>\n<p style=\"text-align: justify;\">En su intervenci\u00f3n, Christian Ter\u00e1n felicit\u00f3 esta iniciativa de dialogo, asegurando que \u201ces muy importante conocer los mecanismos de financiamiento para la biodiversidad, dando respuesta as\u00ed a uno de los retos que los Pa\u00edses Parte nos comprometimos cumplir en la hist\u00f3rica D\u00e9cima Conferencia de las Partes del Convenio sobre la Diversidad Biol\u00f3gica (CBD) y que por su importancia trascendi\u00f3 con la declaraci\u00f3n de las Naciones Unidas como el Decenio de la Diversidad Biol\u00f3gica 2011 \u2013 2020\u201d<\/p>\n<p style=\"text-align: justify;\">El Segundo Di\u00e1logo Internacional de Quito ha sido convocado por los Gobiernos de Ecuador, Suecia, Jap\u00f3n, Noruega, India, Corea del Sur, Uganda, la Comisi\u00f3n Europea, en conjunto con el Secretariado del CDB, y cuenta con apoyo del Programa de Resiliencia y Desarrollo de Suecia (SwedBio) y la Oficina Regional para Am\u00e9rica del Sur de la UICN.<\/p>\n<p style=\"text-align: justify;\">\u201cPara el Estado ecuatoriano, la biodiversidad es considerada un sector estrat\u00e9gico para el desarrollo del pa\u00eds. Este reto nos ha permitido incidir de manera directa en las pol\u00edticas p\u00fablicas de los otros sectores, a trav\u00e9s de la construcci\u00f3n de la Estrategia Nacional de Biodiversidad y su Plan de Acci\u00f3n 2014-2020, el cual est\u00e1 inscrito en el Plan Nacional de Desarrollo, en el marco del Buen Vivir\u201d, enfatiz\u00f3 Ter\u00e1n.<\/p>\n<p style=\"text-align: justify;\">Por su parte, Mar\u00eda Schultz resalt\u00f3 las acciones realizadas en todos los pa\u00edses Parte para contribuir al cumplimiento de las metas y objetivos del Plan Estrat\u00e9gico 2011 \u2013 2020 del Convenio sobre la Diversidad Biol\u00f3gica. Destac\u00f3 el desarrollo del Ecuador a trav\u00e9s de los diferentes programas y proyectos que llevan a la pr\u00e1ctica los principios del buen vivir recogidos en la Constituci\u00f3n de la Rep\u00fablica.<\/p>\n<p style=\"text-align: justify;\">Braulio Dias, en su intervenci\u00f3n reconoci\u00f3 el apoyo brindado por Ecuador y el MAE para poder realizar el segundo dialogo internacional cuyo principal objetivo es exponer y motivar una discusi\u00f3n franca y sustantiva en torno a las diferentes herramientas de conservaci\u00f3n y de financiamiento de la biodiversidad que se han desarrollado a nivel global.<\/p>\n<p style=\"text-align: justify;\">Durante las jornadas de trabajo, se tiene previsto revisar varias experiencias sobre la aplicaci\u00f3n de mecanismos financieros y no-financieros para lograr un entendimiento com\u00fan al respecto de los vac\u00edos y las necesidades para la implementaci\u00f3n de las estrategias nacionales de movilizaci\u00f3n de recursos. Esto incluye diferentes visiones y lecciones aprendidas sobre mecanismos financieros innovadores y principios y \u201csalvaguardas\u201d para su aplicaci\u00f3n.<\/p>\n<p style=\"text-align: justify;\">Otros de los temas claves de la agenda incluye la discusi\u00f3n de herramientas financieras para apoyar las Metas de Aichi 2, 3 y 20 sobre la vinculaci\u00f3n del tema de biodiversidad en las agendas de desarrollo de los pa\u00edses, incentivos y captaci\u00f3n de recursos, respectivamente.<\/p>\n<p style=\"text-align: justify;\">Los resultados del di\u00e1logo aportar\u00e1n tambi\u00e9n a las discusiones y resoluciones que se adoptar\u00e1n en la pr\u00f3xima COP 12 del CDB, que se llevar\u00e1 a cabo en Pyeongchang, Corea del Sur, en octubre pr\u00f3ximo.<\/p>\n<p style=\"text-align: justify;\">Datos Importantes:<\/p>\n<p style=\"text-align: justify;\">Los objetivos espec\u00edficos del seminario di\u00e1logo se indican a continuaci\u00f3n:<\/p>\n<p style=\"text-align: justify;\">&#8211; Contribuir, a trav\u00e9s del di\u00e1logo, en la construcci\u00f3n de confianza y mutuo entendimiento de diferentes puntos de vista y perspectivas que son dif\u00edciles de lograr en las negociaciones formales;<\/p>\n<p style=\"text-align: justify;\">&#8211; Contribuir a encontrar soluciones para ampliar la movilizaci\u00f3n de recursos financieros para la biodiversidad y a crear un mejor ambiente para las negociaciones formales;<\/p>\n<p style=\"text-align: justify;\">&#8211; Examinar formas para transversalizar e integrar diferentes tipos de valores de la biodiversidad mediante la aplicaci\u00f3n de enfoques apropiados e incentivos;<\/p>\n<p style=\"text-align: justify;\">&#8211; Revisar diversas experiencias de mecanismos aplicables para movilizar recursos financieros y no financieros, as\u00ed como desarrollar una comprensi\u00f3n com\u00fan de los d\u00e9ficits y las necesidades para la implementaci\u00f3n de la estrategia de movilizaci\u00f3n de recursos del CDB. Esto incluir\u00eda perspectivas y lecciones aprendidas con respecto a una amplia gama de mecanismos financieros innovadores y posibles principios y salvaguardias para su uso.<\/p>\n<p style=\"text-align: justify;\">&#8211; Explorar sinergias con la Convenci\u00f3n Marco de las Naciones Unidas sobre Cambio Clim\u00e1tico (CMNUCC) as\u00ed como con la agenda post 2015, incluyendo los debates sobre las metas futuras como los Objetivos de Desarrollo Sostenible.<\/p>\n<p style=\"text-align: justify;\">\n","protected":false},"excerpt":{"rendered":"<p class=\"excerpt\">Con el objetivo de apoyar las Decisiones del Convenio de Diversidad Biol\u00f3gica (CDB) relacionadas al financiamiento de las Estrategias Nacionales de Biodiversidad, se re\u00fanen del 9 al 12 de abril, en la ciudad de Quito, delegaciones oficiales de cuarenta pa\u00edses y cerca de veinte organizaciones intergubernamentales y de la sociedad civil. La sesi\u00f3n de apertura del Segundo Dialogo Internacional, denominado&hellip; <a href=\"https:\/\/www.ambienteyenergia.gob.ec\/ambiente\/segundo-dialogo-internacional-sobre-finanzas-para-la-biodiversidad\/\">Read more &rarr;<\/a><\/p>\n","protected":false},"author":13,"featured_media":19311,"comment_status":"open","ping_status":"open","sticky":false,"template":"","format":"standard","meta":{"footnotes":""},"categories":[4],"tags":[147,387,444],"class_list":["post-19310","post","type-post","status-publish","format-standard","has-post-thumbnail","hentry","category-noticias","tag-areas-protegidas-2","tag-mae-lorena-tapia","tag-subsecretaria-de-patrimonio-natural","xfolkentry"],"_links":{"self":[{"href":"https:\/\/www.ambienteyenergia.gob.ec\/ambiente\/wp-json\/wp\/v2\/posts\/19310","targetHints":{"allow":["GET"]}}],"collection":[{"href":"https:\/\/www.ambienteyenergia.gob.ec\/ambiente\/wp-json\/wp\/v2\/posts"}],"about":[{"href":"https:\/\/www.ambienteyenergia.gob.ec\/ambiente\/wp-json\/wp\/v2\/types\/post"}],"author":[{"embeddable":true,"href":"https:\/\/www.ambienteyenergia.gob.ec\/ambiente\/wp-json\/wp\/v2\/users\/13"}],"replies":[{"embeddable":true,"href":"https:\/\/www.ambienteyenergia.gob.ec\/ambiente\/wp-json\/wp\/v2\/comments?post=19310"}],"version-history":[{"count":0,"href":"https:\/\/www.ambienteyenergia.gob.ec\/ambiente\/wp-json\/wp\/v2\/posts\/19310\/revisions"}],"wp:featuredmedia":[{"embeddable":true,"href":"https:\/\/www.ambienteyenergia.gob.ec\/ambiente\/wp-json\/wp\/v2\/media\/19311"}],"wp:attachment":[{"href":"https:\/\/www.ambienteyenergia.gob.ec\/ambiente\/wp-json\/wp\/v2\/media?parent=19310"}],"wp:term":[{"taxonomy":"category","embeddable":true,"href":"https:\/\/www.ambienteyenergia.gob.ec\/ambiente\/wp-json\/wp\/v2\/categories?post=19310"},{"taxonomy":"post_tag","embeddable":true,"href":"https:\/\/www.ambienteyenergia.gob.ec\/ambiente\/wp-json\/wp\/v2\/tags?post=19310"}],"curies":[{"name":"wp","href":"https:\/\/api.w.org\/{rel}","templated":true}]}}