{"id":19297,"date":"2014-04-09T15:52:56","date_gmt":"2014-04-09T20:52:56","guid":{"rendered":"http:\/\/www.ambiente.gob.ec\/?p=19297"},"modified":"2014-04-09T16:10:24","modified_gmt":"2014-04-09T21:10:24","slug":"mae-realiza-taller-para-la-certificacion-de-productos-forestales-y-reformas-para-el-manejo-forestal","status":"publish","type":"post","link":"https:\/\/www.ambienteyenergia.gob.ec\/ambiente\/mae-realiza-taller-para-la-certificacion-de-productos-forestales-y-reformas-para-el-manejo-forestal\/","title":{"rendered":"MAE realiza taller para la certificaci\u00f3n de productos forestales y reformas para el manejo forestal"},"content":{"rendered":"<p style=\"text-align: justify;\">El Ministerio del Ambiente, a trav\u00e9s de la Subsecretaria de Patrimonio Natural y la Direcci\u00f3n Nacional Forestal, en trabajo conjunto con la Cooperaci\u00f3n Alemana GIZ, trabaja en un proceso para la Certificaci\u00f3n Nacional de Productores Forestales, con la finalidad de fortalecer la aplicaci\u00f3n de regulaciones legales en el origen, transporte, acopio, transportaci\u00f3n y comercio, que permita garantizar el consumo ambiental responsable de productos forestales a la ciudad.<\/p>\n<p style=\"text-align: justify;\">En el marco de este proceso se efectu\u00f3, el d\u00eda de hoy en la ciudad de Quito, un taller nacional con actores forestales con el fin de construir un plan de acci\u00f3n, que incluya aportes para la consecuci\u00f3n de la certificaci\u00f3n de productos forestales. En el evento estuvieron presentes Luis Fernando D\u00edaz, Director Nacional Forestal; Dami\u00e1n Villacr\u00e9s, representante de GIZ y Christian Ter\u00e1n, Subsecretaria de Patrimonio Natural.<\/p>\n<p style=\"text-align: justify;\">En su intervenci\u00f3n Ter\u00e1n recalc\u00f3 sobre el trabajo conjunto entre el MAE y los productores de madera con el objetivo de mitigar los procesos ilegales de producci\u00f3n de madera, dando la legalidad necesaria a los productores por medio de la creaci\u00f3n de esta certificaci\u00f3n, que regular\u00e1 desde el nivel productivo hasta el nivel mercantil de esta pr\u00e1ctica que beneficia a miles de familias a nivel nacional.<\/p>\n<p style=\"text-align: justify;\">Durante esta jornada se trabajar\u00e1, en primer lugar, para definir una propuesta de Certificaci\u00f3n Nacional de productos forestales, y en segundo lugar, realizar una propuesta de reforma a la Normativa Forestal para un manejo forestal sustentable.<\/p>\n<p style=\"text-align: justify;\">Esta Cartera de Estado, en el marco de la cooperaci\u00f3n interinstitucional y social, desarrolla diferentes actividades con la finalidad de fortalecer los procesos de desarrollo de buenas practicas ambientales para generar un Ecuador m\u00e1s Verde, en el marco del Buen Vivir.<\/p>\n<div id='gallery-1' class='gallery galleryid-19297 gallery-columns-3 gallery-size-thumbnail'><dl class='gallery-item'>\n\t\t\t<dt class='gallery-icon landscape'>\n\t\t\t\t<a href='https:\/\/www.ambienteyenergia.gob.ec\/ambiente\/mae-realiza-taller-para-la-certificacion-de-productos-forestales-y-reformas-para-el-manejo-forestal\/img_9666\/'><img loading=\"lazy\" decoding=\"async\" width=\"150\" height=\"150\" src=\"https:\/\/www.ambienteyenergia.gob.ec\/ambiente\/wp-content\/uploads\/sites\/2\/2014\/04\/IMG_9666-150x150.jpg\" class=\"attachment-thumbnail size-thumbnail\" alt=\"\" \/><\/a>\n\t\t\t<\/dt><\/dl><dl class='gallery-item'>\n\t\t\t<dt class='gallery-icon landscape'>\n\t\t\t\t<a href='https:\/\/www.ambienteyenergia.gob.ec\/ambiente\/mae-realiza-taller-para-la-certificacion-de-productos-forestales-y-reformas-para-el-manejo-forestal\/img_9676\/'><img loading=\"lazy\" decoding=\"async\" width=\"150\" height=\"150\" src=\"https:\/\/www.ambienteyenergia.gob.ec\/ambiente\/wp-content\/uploads\/sites\/2\/2014\/04\/IMG_9676-150x150.jpg\" class=\"attachment-thumbnail size-thumbnail\" alt=\"\" \/><\/a>\n\t\t\t<\/dt><\/dl>\n\t\t\t<br style='clear: both' \/>\n\t\t<\/div>\n\n","protected":false},"excerpt":{"rendered":"<p class=\"excerpt\">El Ministerio del Ambiente, a trav\u00e9s de la Subsecretaria de Patrimonio Natural y la Direcci\u00f3n Nacional Forestal, en trabajo conjunto con la Cooperaci\u00f3n Alemana GIZ, trabaja en un proceso para la Certificaci\u00f3n Nacional de Productores Forestales, con la finalidad de fortalecer la aplicaci\u00f3n de regulaciones legales en el origen, transporte, acopio, transportaci\u00f3n y comercio, que permita garantizar el consumo ambiental&hellip; <a href=\"https:\/\/www.ambienteyenergia.gob.ec\/ambiente\/mae-realiza-taller-para-la-certificacion-de-productos-forestales-y-reformas-para-el-manejo-forestal\/\">Read more &rarr;<\/a><\/p>\n","protected":false},"author":13,"featured_media":19298,"comment_status":"open","ping_status":"open","sticky":false,"template":"","format":"standard","meta":{"footnotes":""},"categories":[16,4],"tags":[],"class_list":["post-19297","post","type-post","status-publish","format-standard","has-post-thumbnail","hentry","category-comunicamos","category-noticias","xfolkentry"],"_links":{"self":[{"href":"https:\/\/www.ambienteyenergia.gob.ec\/ambiente\/wp-json\/wp\/v2\/posts\/19297","targetHints":{"allow":["GET"]}}],"collection":[{"href":"https:\/\/www.ambienteyenergia.gob.ec\/ambiente\/wp-json\/wp\/v2\/posts"}],"about":[{"href":"https:\/\/www.ambienteyenergia.gob.ec\/ambiente\/wp-json\/wp\/v2\/types\/post"}],"author":[{"embeddable":true,"href":"https:\/\/www.ambienteyenergia.gob.ec\/ambiente\/wp-json\/wp\/v2\/users\/13"}],"replies":[{"embeddable":true,"href":"https:\/\/www.ambienteyenergia.gob.ec\/ambiente\/wp-json\/wp\/v2\/comments?post=19297"}],"version-history":[{"count":0,"href":"https:\/\/www.ambienteyenergia.gob.ec\/ambiente\/wp-json\/wp\/v2\/posts\/19297\/revisions"}],"wp:featuredmedia":[{"embeddable":true,"href":"https:\/\/www.ambienteyenergia.gob.ec\/ambiente\/wp-json\/wp\/v2\/media\/19298"}],"wp:attachment":[{"href":"https:\/\/www.ambienteyenergia.gob.ec\/ambiente\/wp-json\/wp\/v2\/media?parent=19297"}],"wp:term":[{"taxonomy":"category","embeddable":true,"href":"https:\/\/www.ambienteyenergia.gob.ec\/ambiente\/wp-json\/wp\/v2\/categories?post=19297"},{"taxonomy":"post_tag","embeddable":true,"href":"https:\/\/www.ambienteyenergia.gob.ec\/ambiente\/wp-json\/wp\/v2\/tags?post=19297"}],"curies":[{"name":"wp","href":"https:\/\/api.w.org\/{rel}","templated":true}]}}