{"id":19287,"date":"2014-04-09T13:03:16","date_gmt":"2014-04-09T18:03:16","guid":{"rendered":"http:\/\/www.ambiente.gob.ec\/?p=19287"},"modified":"2014-04-09T16:33:11","modified_gmt":"2014-04-09T21:33:11","slug":"ministra-tapia-recorre-centros-de-investigacion-para-conocer-avances-e-innovaciones-tecnologicas-que-puedan-aportar-al-ecuador","status":"publish","type":"post","link":"https:\/\/www.ambienteyenergia.gob.ec\/ambiente\/ministra-tapia-recorre-centros-de-investigacion-para-conocer-avances-e-innovaciones-tecnologicas-que-puedan-aportar-al-ecuador\/","title":{"rendered":"Ministra Tapia recorre centros de investigaci\u00f3n para conocer avances e innovaciones tecnol\u00f3gicas que puedan aportar al Ecuador"},"content":{"rendered":"<p style=\"text-align: justify;\">Hoy, la Ministra del Ambiente, Lorena Tapia, visitar\u00e1 junto al Presidente de la Rep\u00fablica, Rafael Correa, el Instituto WYSS, uno de los centros de investigaci\u00f3n m\u00e1s representativos de Estados Unidos, enfocado principalmente en la biolog\u00eda, usando principios naturales que desarrollen materiales y dispositivos que transformen la medicina.<\/p>\n<p style=\"text-align: justify;\">La Ministra Tapia aprovechar\u00e1 la ocasi\u00f3n para conocer las principales investigaciones y desarrollos tecnol\u00f3gicos impulsados por este instituto, para lo cual se tiene\u00a0 previsto realizar un tour por los laboratorios del campus, en los que se presentar\u00e1n los avances e innovaciones en dispositivos y tecnolog\u00edas destinadas a la revoluci\u00f3n de la biolog\u00eda. Asimismo, Tapia junto con el Primer Mandatario se reunir\u00e1 con directivos y acad\u00e9micos para intercambiar experiencias en temas referentes.<\/p>\n<p style=\"text-align: justify;\">Por la tarde, la M\u00e1xima Autoridad Ambiental, participar\u00e1 de un recorrido por el Instituto MIT Energy Lab, para conocer m\u00e1s sobre la Iniciativa Energ\u00e9tica del MIT (MITEI), que est\u00e1 enfocada en la transformaci\u00f3n de la energ\u00eda limpia necesaria para hacer frente a las preocupaciones econ\u00f3micas, ambientales y de seguridad asociadas con el actual sistema energ\u00e9tico. Tras esta reuni\u00f3n con el Instituto MITEI, se analizar\u00e1 la posibilidad de establecer acuerdos de cooperaci\u00f3n para las universidades Yachay e Ikiam.<\/p>\n<p style=\"text-align: justify;\">La Ministra Tapia, con esta visita oficial, busca por un lado adquirir e intercambiar conocimientos con expertos y especialistas que pueden ser contactos importantes para el desarrollo de algunos proyectos que lleva a cabo el Ministerio del Ambiente, y por otro, posicionar\u00a0 las iniciativas del Ecuador en materia ambiental.<\/p>\n<p style=\"text-align: justify;\">\n","protected":false},"excerpt":{"rendered":"<p class=\"excerpt\">Hoy, la Ministra del Ambiente, Lorena Tapia, visitar\u00e1 junto al Presidente de la Rep\u00fablica, Rafael Correa, el Instituto WYSS, uno de los centros de investigaci\u00f3n m\u00e1s representativos de Estados Unidos, enfocado principalmente en la biolog\u00eda, usando principios naturales que desarrollen materiales y dispositivos que transformen la medicina. La Ministra Tapia aprovechar\u00e1 la ocasi\u00f3n para conocer las principales investigaciones y desarrollos&hellip; <a href=\"https:\/\/www.ambienteyenergia.gob.ec\/ambiente\/ministra-tapia-recorre-centros-de-investigacion-para-conocer-avances-e-innovaciones-tecnologicas-que-puedan-aportar-al-ecuador\/\">Read more &rarr;<\/a><\/p>\n","protected":false},"author":13,"featured_media":19308,"comment_status":"open","ping_status":"open","sticky":false,"template":"","format":"standard","meta":{"footnotes":""},"categories":[16,4],"tags":[],"class_list":["post-19287","post","type-post","status-publish","format-standard","has-post-thumbnail","hentry","category-comunicamos","category-noticias","xfolkentry"],"_links":{"self":[{"href":"https:\/\/www.ambienteyenergia.gob.ec\/ambiente\/wp-json\/wp\/v2\/posts\/19287","targetHints":{"allow":["GET"]}}],"collection":[{"href":"https:\/\/www.ambienteyenergia.gob.ec\/ambiente\/wp-json\/wp\/v2\/posts"}],"about":[{"href":"https:\/\/www.ambienteyenergia.gob.ec\/ambiente\/wp-json\/wp\/v2\/types\/post"}],"author":[{"embeddable":true,"href":"https:\/\/www.ambienteyenergia.gob.ec\/ambiente\/wp-json\/wp\/v2\/users\/13"}],"replies":[{"embeddable":true,"href":"https:\/\/www.ambienteyenergia.gob.ec\/ambiente\/wp-json\/wp\/v2\/comments?post=19287"}],"version-history":[{"count":0,"href":"https:\/\/www.ambienteyenergia.gob.ec\/ambiente\/wp-json\/wp\/v2\/posts\/19287\/revisions"}],"wp:featuredmedia":[{"embeddable":true,"href":"https:\/\/www.ambienteyenergia.gob.ec\/ambiente\/wp-json\/wp\/v2\/media\/19308"}],"wp:attachment":[{"href":"https:\/\/www.ambienteyenergia.gob.ec\/ambiente\/wp-json\/wp\/v2\/media?parent=19287"}],"wp:term":[{"taxonomy":"category","embeddable":true,"href":"https:\/\/www.ambienteyenergia.gob.ec\/ambiente\/wp-json\/wp\/v2\/categories?post=19287"},{"taxonomy":"post_tag","embeddable":true,"href":"https:\/\/www.ambienteyenergia.gob.ec\/ambiente\/wp-json\/wp\/v2\/tags?post=19287"}],"curies":[{"name":"wp","href":"https:\/\/api.w.org\/{rel}","templated":true}]}}