{"id":19282,"date":"2014-04-09T12:32:20","date_gmt":"2014-04-09T17:32:20","guid":{"rendered":"http:\/\/www.ambiente.gob.ec\/?p=19282"},"modified":"2014-04-09T13:23:30","modified_gmt":"2014-04-09T18:23:30","slug":"mae-en-coordinacion-con-la-comunidad-sembro-2-000-especies-de-plantas-de-quinua-en-azuay","status":"publish","type":"post","link":"https:\/\/www.ambienteyenergia.gob.ec\/ambiente\/mae-en-coordinacion-con-la-comunidad-sembro-2-000-especies-de-plantas-de-quinua-en-azuay\/","title":{"rendered":"MAE en coordinaci\u00f3n con la comunidad sembr\u00f3 2 000 especies de plantas de quinua en Azuay"},"content":{"rendered":"<p style=\"text-align: justify;\">El Ministerio del Ambiente del Ecuador (MAE), en coordinaci\u00f3n con la Junta General de Usuarios del Sistema de Riego Mach\u00e1ngara y ETAPA EP, organiz\u00f3 el pasado 5 de abril, una minga de plantaci\u00f3n de especies forestales nativas, en el sector de la represa de Chanlud, provincia del Azuay. El objetivo de esta actividad es aportar a la conservaci\u00f3n y protecci\u00f3n de las fuentes h\u00eddricas.<\/p>\n<p style=\"text-align: justify;\">T\u00e9cnicos de la Direcci\u00f3n Provincial de Azuay y la poblaci\u00f3n del sector participaron en la jornada de reforestaci\u00f3n en la que se sembraron 2 000 especies de plantas de quinua (Polilepis sp). Esta especie nativa es importante porque se adapta a las condiciones clim\u00e1ticas del lugar y ayuda a conservar las fuentes de agua.<\/p>\n<p style=\"text-align: justify;\">El MAE ejecuta este tipo de iniciativas con el objetivo de concienciar a la poblaci\u00f3n sobre la importancia de proteger los recursos naturales y aplicar m\u00e1s pr\u00e1cticas amigables con el ambiente.<\/p>\n<p style=\"text-align: justify;\">Estas actividades de reforestaci\u00f3n y restauraci\u00f3n forestal se desarrollan con el fin de proteger, conservar y recuperar\u00a0 las \u00e1reas que han sido alteradas y degradas.<\/p>\n","protected":false},"excerpt":{"rendered":"<p class=\"excerpt\">El Ministerio del Ambiente del Ecuador (MAE), en coordinaci\u00f3n con la Junta General de Usuarios del Sistema de Riego Mach\u00e1ngara y ETAPA EP, organiz\u00f3 el pasado 5 de abril, una minga de plantaci\u00f3n de especies forestales nativas, en el sector de la represa de Chanlud, provincia del Azuay. El objetivo de esta actividad es aportar a la conservaci\u00f3n y protecci\u00f3n&hellip; <a href=\"https:\/\/www.ambienteyenergia.gob.ec\/ambiente\/mae-en-coordinacion-con-la-comunidad-sembro-2-000-especies-de-plantas-de-quinua-en-azuay\/\">Read more &rarr;<\/a><\/p>\n","protected":false},"author":13,"featured_media":19283,"comment_status":"open","ping_status":"open","sticky":false,"template":"","format":"standard","meta":{"footnotes":""},"categories":[16,4],"tags":[],"class_list":["post-19282","post","type-post","status-publish","format-standard","has-post-thumbnail","hentry","category-comunicamos","category-noticias","xfolkentry"],"_links":{"self":[{"href":"https:\/\/www.ambienteyenergia.gob.ec\/ambiente\/wp-json\/wp\/v2\/posts\/19282","targetHints":{"allow":["GET"]}}],"collection":[{"href":"https:\/\/www.ambienteyenergia.gob.ec\/ambiente\/wp-json\/wp\/v2\/posts"}],"about":[{"href":"https:\/\/www.ambienteyenergia.gob.ec\/ambiente\/wp-json\/wp\/v2\/types\/post"}],"author":[{"embeddable":true,"href":"https:\/\/www.ambienteyenergia.gob.ec\/ambiente\/wp-json\/wp\/v2\/users\/13"}],"replies":[{"embeddable":true,"href":"https:\/\/www.ambienteyenergia.gob.ec\/ambiente\/wp-json\/wp\/v2\/comments?post=19282"}],"version-history":[{"count":0,"href":"https:\/\/www.ambienteyenergia.gob.ec\/ambiente\/wp-json\/wp\/v2\/posts\/19282\/revisions"}],"wp:featuredmedia":[{"embeddable":true,"href":"https:\/\/www.ambienteyenergia.gob.ec\/ambiente\/wp-json\/wp\/v2\/media\/19283"}],"wp:attachment":[{"href":"https:\/\/www.ambienteyenergia.gob.ec\/ambiente\/wp-json\/wp\/v2\/media?parent=19282"}],"wp:term":[{"taxonomy":"category","embeddable":true,"href":"https:\/\/www.ambienteyenergia.gob.ec\/ambiente\/wp-json\/wp\/v2\/categories?post=19282"},{"taxonomy":"post_tag","embeddable":true,"href":"https:\/\/www.ambienteyenergia.gob.ec\/ambiente\/wp-json\/wp\/v2\/tags?post=19282"}],"curies":[{"name":"wp","href":"https:\/\/api.w.org\/{rel}","templated":true}]}}