{"id":19275,"date":"2014-04-09T12:19:44","date_gmt":"2014-04-09T17:19:44","guid":{"rendered":"http:\/\/www.ambiente.gob.ec\/?p=19275"},"modified":"2014-04-09T12:19:44","modified_gmt":"2014-04-09T17:19:44","slug":"mae-decomiso-21-m%c2%b3-de-madera-en-loja","status":"publish","type":"post","link":"https:\/\/www.ambienteyenergia.gob.ec\/ambiente\/mae-decomiso-21-m%c2%b3-de-madera-en-loja\/","title":{"rendered":"MAE decomis\u00f3 21 m\u00b3 de madera en Loja"},"content":{"rendered":"<p style=\"text-align: justify;\">El Ministerio del Ambiente del Ecuador (MAE), con la colaboraci\u00f3n de la Unidad de Protecci\u00f3n del Medio Ambiente de la Polic\u00eda Nacional, realiz\u00f3 la retenci\u00f3n de tres veh\u00edculos pesados que transportaban 21 m\u00b3 de diferentes de productos forestales (madera), en la v\u00eda antigua Loja \u2013 Zamora. Esto como resultado de uno de los m\u00faltiples operativos que ejecuta esta Cartera de Estado, con el fin controlar la extracci\u00f3n y movilizaci\u00f3n ilegal de madera.<\/p>\n<p style=\"text-align: justify;\">Entre las especies forestales que se decomisaron estaban colorado, bellamar\u00eda y lumo. Esta acci\u00f3n es amparada bajo el Art. 43 de la codificaci\u00f3n de la Ley Forestal y de Conservaci\u00f3n de \u00c1reas Naturales y Vida Silvestre, en la que se se\u00f1ala que el Ministerio del Ambiente vigilar\u00e1 todas las etapas primarias de producci\u00f3n, tenencia, aprovechamiento y comercializaci\u00f3n de materias primas forestales.<\/p>\n<p style=\"text-align: justify;\">El MAE, como autoridad nacional ambiental, es la instituci\u00f3n encargada de aplicar mecanismos efectivos de seguimiento y control del aprovechamiento y movilizaci\u00f3n de los recursos forestales del pa\u00eds, priorizando la conservaci\u00f3n y el manejo sustentable de los bosques.<\/p>\n<p style=\"text-align: justify;\">Estos operativos continuar\u00e1n con el fin de evitar actividades ilegales como la comercializaci\u00f3n y para impulsar un adecuado sistema de Control Forestal.<\/p>\n<p style=\"text-align: justify;\">\n","protected":false},"excerpt":{"rendered":"<p class=\"excerpt\">El Ministerio del Ambiente del Ecuador (MAE), con la colaboraci\u00f3n de la Unidad de Protecci\u00f3n del Medio Ambiente de la Polic\u00eda Nacional, realiz\u00f3 la retenci\u00f3n de tres veh\u00edculos pesados que transportaban 21 m\u00b3 de diferentes de productos forestales (madera), en la v\u00eda antigua Loja \u2013 Zamora. Esto como resultado de uno de los m\u00faltiples operativos que ejecuta esta Cartera de&hellip; <a href=\"https:\/\/www.ambienteyenergia.gob.ec\/ambiente\/mae-decomiso-21-m%c2%b3-de-madera-en-loja\/\">Read more &rarr;<\/a><\/p>\n","protected":false},"author":13,"featured_media":19276,"comment_status":"open","ping_status":"open","sticky":false,"template":"","format":"standard","meta":{"footnotes":""},"categories":[16,4],"tags":[],"class_list":["post-19275","post","type-post","status-publish","format-standard","has-post-thumbnail","hentry","category-comunicamos","category-noticias","xfolkentry"],"_links":{"self":[{"href":"https:\/\/www.ambienteyenergia.gob.ec\/ambiente\/wp-json\/wp\/v2\/posts\/19275","targetHints":{"allow":["GET"]}}],"collection":[{"href":"https:\/\/www.ambienteyenergia.gob.ec\/ambiente\/wp-json\/wp\/v2\/posts"}],"about":[{"href":"https:\/\/www.ambienteyenergia.gob.ec\/ambiente\/wp-json\/wp\/v2\/types\/post"}],"author":[{"embeddable":true,"href":"https:\/\/www.ambienteyenergia.gob.ec\/ambiente\/wp-json\/wp\/v2\/users\/13"}],"replies":[{"embeddable":true,"href":"https:\/\/www.ambienteyenergia.gob.ec\/ambiente\/wp-json\/wp\/v2\/comments?post=19275"}],"version-history":[{"count":0,"href":"https:\/\/www.ambienteyenergia.gob.ec\/ambiente\/wp-json\/wp\/v2\/posts\/19275\/revisions"}],"wp:featuredmedia":[{"embeddable":true,"href":"https:\/\/www.ambienteyenergia.gob.ec\/ambiente\/wp-json\/wp\/v2\/media\/19276"}],"wp:attachment":[{"href":"https:\/\/www.ambienteyenergia.gob.ec\/ambiente\/wp-json\/wp\/v2\/media?parent=19275"}],"wp:term":[{"taxonomy":"category","embeddable":true,"href":"https:\/\/www.ambienteyenergia.gob.ec\/ambiente\/wp-json\/wp\/v2\/categories?post=19275"},{"taxonomy":"post_tag","embeddable":true,"href":"https:\/\/www.ambienteyenergia.gob.ec\/ambiente\/wp-json\/wp\/v2\/tags?post=19275"}],"curies":[{"name":"wp","href":"https:\/\/api.w.org\/{rel}","templated":true}]}}