{"id":19261,"date":"2014-04-08T16:59:32","date_gmt":"2014-04-08T21:59:32","guid":{"rendered":"http:\/\/www.ambiente.gob.ec\/?p=19261"},"modified":"2014-04-08T16:59:32","modified_gmt":"2014-04-08T21:59:32","slug":"mae-rescato-un-venado-en-el-canton-guano-chimborazo","status":"publish","type":"post","link":"https:\/\/www.ambienteyenergia.gob.ec\/ambiente\/mae-rescato-un-venado-en-el-canton-guano-chimborazo\/","title":{"rendered":"MAE rescat\u00f3 un venado en el Cant\u00f3n Guano (Chimborazo)"},"content":{"rendered":"<p style=\"text-align: justify;\">El Ministerio del Ambiente (MAE), a trav\u00e9s de la Direcci\u00f3n Provincial de Chimborazo y en coordinaci\u00f3n con la Unidad de Protecci\u00f3n del Medio Ambiente, rescataron un venado <i>(Odocoileus virginianus)<\/i> joven en buenas condiciones en el sector de San Vicente de Igualata, ubicada en la parroquia San Isidro del Cant\u00f3n Guano.<\/p>\n<p style=\"text-align: justify;\">Una denuncia verbal inform\u00f3 el aparente cautiverio de un esp\u00e9cimen de vida silvestre en la parroquia San Isidro, por lo cual t\u00e9cnicos del MAE se movilizaron a la lugar para constatar la versi\u00f3n de los habitantes del sector. En el lugar se observ\u00f3 un venado de p\u00e1ramo que se encontraba en los potreros de una vivienda de la comunidad San Vicente de Igualata.<\/p>\n<p style=\"text-align: justify;\">El due\u00f1o del domicilio, en donde se encontraba la esp\u00e9cimen de vida silvestre, declar\u00f3 que el animal llego a sus predios en busca de alimento, al ver su docilidad decidi\u00f3 alimentarlo. Este ejemplar de vida silvestre fue entregado de forma voluntaria y trasladado de inmediato al Centros de Rescate Elit\u00edo, ubicado en la parroquia de Mulal\u00f3 de la Provincia de Cotopaxi para su custodia temporal.<\/p>\n<p style=\"text-align: justify;\">Esta Cartera de Estado como principal autoridad ambiental del pa\u00eds desarrolla diferentes actividades con la finalidad de controlar la comercializaci\u00f3n y la tenencia ilegal de ejemplares de vida silvestre, adem\u00e1s interviene con Educaci\u00f3n Ambiental en cada uno de los espacios sociales.<\/p>\n","protected":false},"excerpt":{"rendered":"<p class=\"excerpt\">El Ministerio del Ambiente (MAE), a trav\u00e9s de la Direcci\u00f3n Provincial de Chimborazo y en coordinaci\u00f3n con la Unidad de Protecci\u00f3n del Medio Ambiente, rescataron un venado (Odocoileus virginianus) joven en buenas condiciones en el sector de San Vicente de Igualata, ubicada en la parroquia San Isidro del Cant\u00f3n Guano. Una denuncia verbal inform\u00f3 el aparente cautiverio de un esp\u00e9cimen&hellip; <a href=\"https:\/\/www.ambienteyenergia.gob.ec\/ambiente\/mae-rescato-un-venado-en-el-canton-guano-chimborazo\/\">Read more &rarr;<\/a><\/p>\n","protected":false},"author":13,"featured_media":19262,"comment_status":"open","ping_status":"open","sticky":false,"template":"","format":"standard","meta":{"footnotes":""},"categories":[16,4],"tags":[],"class_list":["post-19261","post","type-post","status-publish","format-standard","has-post-thumbnail","hentry","category-comunicamos","category-noticias","xfolkentry"],"_links":{"self":[{"href":"https:\/\/www.ambienteyenergia.gob.ec\/ambiente\/wp-json\/wp\/v2\/posts\/19261","targetHints":{"allow":["GET"]}}],"collection":[{"href":"https:\/\/www.ambienteyenergia.gob.ec\/ambiente\/wp-json\/wp\/v2\/posts"}],"about":[{"href":"https:\/\/www.ambienteyenergia.gob.ec\/ambiente\/wp-json\/wp\/v2\/types\/post"}],"author":[{"embeddable":true,"href":"https:\/\/www.ambienteyenergia.gob.ec\/ambiente\/wp-json\/wp\/v2\/users\/13"}],"replies":[{"embeddable":true,"href":"https:\/\/www.ambienteyenergia.gob.ec\/ambiente\/wp-json\/wp\/v2\/comments?post=19261"}],"version-history":[{"count":0,"href":"https:\/\/www.ambienteyenergia.gob.ec\/ambiente\/wp-json\/wp\/v2\/posts\/19261\/revisions"}],"wp:featuredmedia":[{"embeddable":true,"href":"https:\/\/www.ambienteyenergia.gob.ec\/ambiente\/wp-json\/wp\/v2\/media\/19262"}],"wp:attachment":[{"href":"https:\/\/www.ambienteyenergia.gob.ec\/ambiente\/wp-json\/wp\/v2\/media?parent=19261"}],"wp:term":[{"taxonomy":"category","embeddable":true,"href":"https:\/\/www.ambienteyenergia.gob.ec\/ambiente\/wp-json\/wp\/v2\/categories?post=19261"},{"taxonomy":"post_tag","embeddable":true,"href":"https:\/\/www.ambienteyenergia.gob.ec\/ambiente\/wp-json\/wp\/v2\/tags?post=19261"}],"curies":[{"name":"wp","href":"https:\/\/api.w.org\/{rel}","templated":true}]}}