{"id":19260,"date":"2014-04-08T17:03:34","date_gmt":"2014-04-08T22:03:34","guid":{"rendered":"http:\/\/www.ambiente.gob.ec\/?p=19260"},"modified":"2014-04-08T18:16:56","modified_gmt":"2014-04-08T23:16:56","slug":"ministra-del-ambiente-lorena-tapia-participa-junto-a-presidente-correa-en-gira-oficial-por-ee-uu","status":"publish","type":"post","link":"https:\/\/www.ambienteyenergia.gob.ec\/ambiente\/ministra-del-ambiente-lorena-tapia-participa-junto-a-presidente-correa-en-gira-oficial-por-ee-uu\/","title":{"rendered":"Ministra del Ambiente, Lorena Tapia, participa junto a Presidente Correa en gira oficial por EE.UU"},"content":{"rendered":"<p style=\"text-align: justify;\">Hoy, la Ministra del Ambiente, Lorena Tapia, como parte de la comitiva oficial que acompa\u00f1a al Presidente de la Rep\u00fablica, Rafael Correa, en su gira acad\u00e9mica a Estados Unidos, particip\u00f3 en la visita que realiz\u00f3 el Primer Mandatario al Centro de Estudios Latinoamericanos Rockefeller en Harvard. La finalidad del encuentro fue reunirse con acad\u00e9micos, afiliados al centro y representantes de los estudiantes ecuatorianos en Harvard, para intercambiar experiencias en varios temas, entre ellos, el ambiental.<\/p>\n<p style=\"text-align: justify;\">Este centro acad\u00e9mico trabaja para incrementar el conocimiento de las culturas, econom\u00edas, historias, ambiente y asuntos contempor\u00e1neos de Am\u00e9rica Latina, raz\u00f3n por la cual, la visita oficial tiene el prop\u00f3sito de profundizar contactos acad\u00e9micos que fortalezcan los proyectos que el Gobierno Nacional tiene para la educaci\u00f3n superior en el Ecuador, y reforzar la investigaci\u00f3n cient\u00edfica en materia ambiental a trav\u00e9s de proceso de cooperaci\u00f3n.<\/p>\n<p style=\"text-align: justify;\">De la misma forma, la Ministra Lorena Tapia, realizar\u00e1 un recorrido el d\u00eda de ma\u00f1ana por el Instituto WYSS, que se enfoca en la ingenier\u00eda inspirada en biolog\u00eda, usando dise\u00f1os de principios naturales para desarrollar materiales y dispositivos inspirados biol\u00f3gicamente para transformar medicina y poder crear un mundo m\u00e1s sustentable. El objetivo es conocer las principales investigaciones y desarrollos tecnol\u00f3gicos impulsados por este instituto.<\/p>\n<p style=\"text-align: justify;\">La gira presidencial se desarroll\u00f3 con la finalidad de adquirir mayor experiencia y conocimientos del sistema de educaci\u00f3n superior de EE.UU, pues es uno de los mejores del mundo. Adem\u00e1s, el Presidente Rafael Correa busca socializar los avances del pa\u00eds en temas de productividad, educaci\u00f3n, salud y econom\u00eda.<\/p>\n","protected":false},"excerpt":{"rendered":"<p class=\"excerpt\">Hoy, la Ministra del Ambiente, Lorena Tapia, como parte de la comitiva oficial que acompa\u00f1a al Presidente de la Rep\u00fablica, Rafael Correa, en su gira acad\u00e9mica a Estados Unidos, particip\u00f3 en la visita que realiz\u00f3 el Primer Mandatario al Centro de Estudios Latinoamericanos Rockefeller en Harvard. La finalidad del encuentro fue reunirse con acad\u00e9micos, afiliados al centro y representantes de&hellip; <a href=\"https:\/\/www.ambienteyenergia.gob.ec\/ambiente\/ministra-del-ambiente-lorena-tapia-participa-junto-a-presidente-correa-en-gira-oficial-por-ee-uu\/\">Read more &rarr;<\/a><\/p>\n","protected":false},"author":13,"featured_media":19264,"comment_status":"open","ping_status":"open","sticky":false,"template":"","format":"standard","meta":{"footnotes":""},"categories":[16,4],"tags":[],"class_list":["post-19260","post","type-post","status-publish","format-standard","has-post-thumbnail","hentry","category-comunicamos","category-noticias","xfolkentry"],"_links":{"self":[{"href":"https:\/\/www.ambienteyenergia.gob.ec\/ambiente\/wp-json\/wp\/v2\/posts\/19260","targetHints":{"allow":["GET"]}}],"collection":[{"href":"https:\/\/www.ambienteyenergia.gob.ec\/ambiente\/wp-json\/wp\/v2\/posts"}],"about":[{"href":"https:\/\/www.ambienteyenergia.gob.ec\/ambiente\/wp-json\/wp\/v2\/types\/post"}],"author":[{"embeddable":true,"href":"https:\/\/www.ambienteyenergia.gob.ec\/ambiente\/wp-json\/wp\/v2\/users\/13"}],"replies":[{"embeddable":true,"href":"https:\/\/www.ambienteyenergia.gob.ec\/ambiente\/wp-json\/wp\/v2\/comments?post=19260"}],"version-history":[{"count":0,"href":"https:\/\/www.ambienteyenergia.gob.ec\/ambiente\/wp-json\/wp\/v2\/posts\/19260\/revisions"}],"wp:featuredmedia":[{"embeddable":true,"href":"https:\/\/www.ambienteyenergia.gob.ec\/ambiente\/wp-json\/wp\/v2\/media\/19264"}],"wp:attachment":[{"href":"https:\/\/www.ambienteyenergia.gob.ec\/ambiente\/wp-json\/wp\/v2\/media?parent=19260"}],"wp:term":[{"taxonomy":"category","embeddable":true,"href":"https:\/\/www.ambienteyenergia.gob.ec\/ambiente\/wp-json\/wp\/v2\/categories?post=19260"},{"taxonomy":"post_tag","embeddable":true,"href":"https:\/\/www.ambienteyenergia.gob.ec\/ambiente\/wp-json\/wp\/v2\/tags?post=19260"}],"curies":[{"name":"wp","href":"https:\/\/api.w.org\/{rel}","templated":true}]}}