{"id":19255,"date":"2014-04-08T16:32:35","date_gmt":"2014-04-08T21:32:35","guid":{"rendered":"http:\/\/www.ambiente.gob.ec\/?p=19255"},"modified":"2014-04-08T17:48:05","modified_gmt":"2014-04-08T22:48:05","slug":"autoridad-ambiental-incrementa-esfuerzos-para-recuperar-flora-endemica-en-galapagos","status":"publish","type":"post","link":"https:\/\/www.ambienteyenergia.gob.ec\/ambiente\/autoridad-ambiental-incrementa-esfuerzos-para-recuperar-flora-endemica-en-galapagos\/","title":{"rendered":"Autoridad Ambiental incrementa esfuerzos para recuperar flora end\u00e9mica en Gal\u00e1pagos"},"content":{"rendered":"<p style=\"text-align: justify;\"><b><i>Dos especies de escalesias recuperan sus poblaciones en el vivero forestal.<\/i><\/b><\/p>\n<p style=\"text-align: justify;\">El Ministerio del Ambiente del Ecuador (MAE), a trav\u00e9s de la Direcci\u00f3n del Parque Nacional Gal\u00e1pagos (DPNG), incrementa las acciones para proteger la flora end\u00e9mica del archipi\u00e9lago, especialmente aquellas especies cuyas poblaciones son relativamente bajas como la Scalesia pedunculata \u00a0y Scalesia affinis.<\/p>\n<p style=\"text-align: justify;\">En el vivero forestal de la DPNG, en Santa Cruz, se encuentran en reproducci\u00f3n aproximadamente 15 mil pl\u00e1ntulas de Scalesia pedunculata, cuyas semillas fueron tomadas del bosque natural en el sector de Los Gemelos y que tras un proceso de germinaci\u00f3n, hoy, est\u00e1n en el \u00e1rea de crecimiento listas para ser plantadas en su h\u00e1bitat natural.<\/p>\n<p style=\"text-align: justify;\">Hasta finales de este a\u00f1o, \u00a080 hect\u00e1reas de terreno de la zona h\u00fameda de Santa Cruz, previamente recuperadas por los guardaparques, recibir\u00e1n a sus hist\u00f3ricos hu\u00e9spedes, las pedunculatas, especie que redujo su poblaci\u00f3n ante la presencia de la agresiva mora introducida, pero que gracias a los esfuerzos de la DPNG se aleja de la extinci\u00f3n.<\/p>\n<p style=\"text-align: justify;\">Una situaci\u00f3n similar experimenta la Scalesia affinis, propia de la zona \u00e1rida de las Gal\u00e1pagos y que est\u00e1 extendida en varias islas, pero su poblaci\u00f3n es tan escasa en la isla Santa Cruz que es dif\u00edcil encontrarla. La DPNG, con el apoyo de la Fundaci\u00f3n Charles Darwin, ha creado cercos en el sector de El Mirador (30 hect\u00e1reas) y El Garrapatero (20 hect\u00e1reas), \u00fanicos sitios en los que hasta ahora se ha determinado que existe esta especie. De estos pocos individuos se recogieron semillas para su reproducci\u00f3n en el vivero forestal. Al momento, hay 80 pl\u00e1ntulas que en pocas semanas ser\u00e1n plantadas junto a sus similares en los dos sitios cercados.<\/p>\n<p style=\"text-align: justify;\">\u201cEs dif\u00edcil la producci\u00f3n de este tipo de plantas en los viveros, dado que la recolecci\u00f3n, clasificaci\u00f3n de semillas y germinaci\u00f3n requieren de t\u00e9cnicas especializadas, por lo que conseguir estos 80 individuos es un \u00e9xito para la Autoridad Ambiental\u201d, asegur\u00f3 \u00a0Danny Rueda, responsable del Proceso de Conservaci\u00f3n y Restauraci\u00f3n de Ecosistemas Insulares.<\/p>\n<p style=\"text-align: justify;\"><strong>El dato<\/strong><\/p>\n<p style=\"text-align: justify;\">En Gal\u00e1pagos existen 14 especies de Scalesias sp. \u00a0distribuidas en diferentes islas del archipi\u00e9lago; \u00e9stas junto a las dem\u00e1s especies end\u00e9micas y nativas conforman los ecosistemas \u00fanicos y protegidos de las islas.<\/p>\n<p style=\"text-align: justify;\">\n","protected":false},"excerpt":{"rendered":"<p class=\"excerpt\">Dos especies de escalesias recuperan sus poblaciones en el vivero forestal. El Ministerio del Ambiente del Ecuador (MAE), a trav\u00e9s de la Direcci\u00f3n del Parque Nacional Gal\u00e1pagos (DPNG), incrementa las acciones para proteger la flora end\u00e9mica del archipi\u00e9lago, especialmente aquellas especies cuyas poblaciones son relativamente bajas como la Scalesia pedunculata \u00a0y Scalesia affinis. En el vivero forestal de la DPNG,&hellip; <a href=\"https:\/\/www.ambienteyenergia.gob.ec\/ambiente\/autoridad-ambiental-incrementa-esfuerzos-para-recuperar-flora-endemica-en-galapagos\/\">Read more &rarr;<\/a><\/p>\n","protected":false},"author":13,"featured_media":19256,"comment_status":"open","ping_status":"open","sticky":false,"template":"","format":"standard","meta":{"footnotes":""},"categories":[16,4],"tags":[],"class_list":["post-19255","post","type-post","status-publish","format-standard","has-post-thumbnail","hentry","category-comunicamos","category-noticias","xfolkentry"],"_links":{"self":[{"href":"https:\/\/www.ambienteyenergia.gob.ec\/ambiente\/wp-json\/wp\/v2\/posts\/19255","targetHints":{"allow":["GET"]}}],"collection":[{"href":"https:\/\/www.ambienteyenergia.gob.ec\/ambiente\/wp-json\/wp\/v2\/posts"}],"about":[{"href":"https:\/\/www.ambienteyenergia.gob.ec\/ambiente\/wp-json\/wp\/v2\/types\/post"}],"author":[{"embeddable":true,"href":"https:\/\/www.ambienteyenergia.gob.ec\/ambiente\/wp-json\/wp\/v2\/users\/13"}],"replies":[{"embeddable":true,"href":"https:\/\/www.ambienteyenergia.gob.ec\/ambiente\/wp-json\/wp\/v2\/comments?post=19255"}],"version-history":[{"count":0,"href":"https:\/\/www.ambienteyenergia.gob.ec\/ambiente\/wp-json\/wp\/v2\/posts\/19255\/revisions"}],"wp:featuredmedia":[{"embeddable":true,"href":"https:\/\/www.ambienteyenergia.gob.ec\/ambiente\/wp-json\/wp\/v2\/media\/19256"}],"wp:attachment":[{"href":"https:\/\/www.ambienteyenergia.gob.ec\/ambiente\/wp-json\/wp\/v2\/media?parent=19255"}],"wp:term":[{"taxonomy":"category","embeddable":true,"href":"https:\/\/www.ambienteyenergia.gob.ec\/ambiente\/wp-json\/wp\/v2\/categories?post=19255"},{"taxonomy":"post_tag","embeddable":true,"href":"https:\/\/www.ambienteyenergia.gob.ec\/ambiente\/wp-json\/wp\/v2\/tags?post=19255"}],"curies":[{"name":"wp","href":"https:\/\/api.w.org\/{rel}","templated":true}]}}