{"id":19239,"date":"2014-04-08T16:20:53","date_gmt":"2014-04-08T21:20:53","guid":{"rendered":"http:\/\/www.ambiente.gob.ec\/?p=19239"},"modified":"2014-04-08T16:20:53","modified_gmt":"2014-04-08T21:20:53","slug":"mae-napo-capacita-sobre-la-elaboracion-y-la-utilizacion-de-ramos-alternativos-en-el-marco-de-la-campana-tradicion-y-conservacion-van-de-la-mano","status":"publish","type":"post","link":"https:\/\/www.ambienteyenergia.gob.ec\/ambiente\/mae-napo-capacita-sobre-la-elaboracion-y-la-utilizacion-de-ramos-alternativos-en-el-marco-de-la-campana-tradicion-y-conservacion-van-de-la-mano\/","title":{"rendered":"MAE Napo capacita sobre la elaboraci\u00f3n y la utilizaci\u00f3n de ramos alternativos en el marco de la Campa\u00f1a  \u201cTradici\u00f3n y Conservaci\u00f3n van de la mano\u201d"},"content":{"rendered":"<p align=\"JUSTIFY\"><span style=\"font-family: Helvetica, sans-serif;\">El Ministerio del Ambiente, a trav\u00e9s de la Direcci\u00f3n Provincial del Ambiente de Napo, con apoyo de la GIZ, al aproximarse la semana mayor, fecha en la que se evidencia el uso y comercializaci\u00f3n de la palma de cera, se encuentra ejecutando la campa\u00f1a \u201cTradici\u00f3n y Conservaci\u00f3n Van de la Mano\u201d por medio de tres talleres para elaboraci\u00f3n de ramos con materiales alternativos. Esta actividad se la realiz\u00f3 en las parroquias Baeza, Tena y Muyuna con un total de 98 capacitados.<\/span><\/p>\n<p align=\"JUSTIFY\"><span style=\"font-family: Helvetica, sans-serif;\">Al evento asisti\u00f3 personal guardaparque de las \u00e1reas protegidas como el Parque Nacional Sumaco Napo Galeras, la Reserva Ecol\u00f3gica Antisana, el Parque Nacional Cayambe Coca zona Baja, el Parque Nacional Llanganates y la Reserva Biol\u00f3gica Colonso-Chalupas.<\/span><\/p>\n<p align=\"JUSTIFY\"><span style=\"font-family: Helvetica, sans-serif;\">Adem\u00e1s cont\u00f3 con la participaci\u00f3n de estudiantes y del grupo de mujeres de las diferentes parroquias.<\/span><\/p>\n<p align=\"JUSTIFY\"><span style=\"font-family: Helvetica, sans-serif;\">En las jornadas de trabajo, se expuso la importancia biol\u00f3gica y ecol\u00f3gica que tiene la palma de cera dentro de los ecosistemas, por ser una fuente de alimento y refugio para varias especies de vida silvestre, especialmente para el Loro Orejiamarillo y el Perico Cachetidorado, espec\u00edmenes en grave peligro de extinci\u00f3n.<\/span><\/p>\n<p align=\"JUSTIFY\"><span style=\"font-family: Helvetica, sans-serif;\">Al final de cada taller se establecieron compromisos, mismos que se deber\u00e1n cumplir seg\u00fan el objetivo principal que es elaborar la mayor cantidad de ramos con materiales alternativos como; hojas de lis\u00e1n, bijao, laurel, croton y dem\u00e1s plantas ornamentales para entregar a los fieles cat\u00f3licos el Domingo de Ramos.<\/span><\/p>\n<p align=\"JUSTIFY\"><strong><span style=\"color: #000000;\">Datos Importantes<\/span><\/strong><\/p>\n<ul>\n<li>\n<p align=\"JUSTIFY\">Para que la palma alcance su madurez total son necesarios aproximadamente de 30 a 100 a\u00f1os.<\/p>\n<\/li>\n<\/ul>\n<ul>\n<li>\n<p align=\"JUSTIFY\"><span style=\"font-family: Helvetica, sans-serif;\">Las palmas utilizadas en la tradici\u00f3n religiosa del Domingo de Ramos pertenecen principalmente al g\u00e9nero Ceroxylon, conocidas com\u00fanmente como \u201cPalma de Cera o Palma de Ramos\u201d. <\/span><\/p>\n<\/li>\n<\/ul>\n<ul>\n<li>\n<p align=\"JUSTIFY\"><span style=\"font-family: Helvetica, sans-serif;\">Las Palmas de Cera proveen alimento y refugio a varias especies silvestres de los bosques de Ecuador. <\/span><\/p>\n<\/li>\n<\/ul>\n<ul>\n<li>\n<p align=\"JUSTIFY\"><span style=\"font-family: Helvetica, sans-serif;\">En el a\u00f1o 2011, se decomisaron 1 400 ramos de Palma de Cera, en 2012 se confiscaron 820 y en 2013 500 ramos elaborados con plama de cera. <\/span><\/p>\n<\/li>\n<\/ul>\n<ul>\n<li>\n<p align=\"JUSTIFY\"><span style=\"font-family: Helvetica, sans-serif;\">En Ecuador existen 7 especies de Palmas de Cera: Ceroxylon amazonicum, C. echinulatum, C. parvifrons, C. parvum, C. ventricosum, C. vogelianum. <\/span><\/p>\n<\/li>\n<\/ul>\n<ul>\n<li>\n<p align=\"JUSTIFY\"><span style=\"color: #000000;\">La Ceroxylon amazonicum y C. echinulatum son plantas end\u00e9micas de Ecuador.\u00a0<\/span><\/p>\n<\/li>\n<\/ul>\n<div id='gallery-1' class='gallery galleryid-19239 gallery-columns-3 gallery-size-thumbnail'><dl class='gallery-item'>\n\t\t\t<dt class='gallery-icon landscape'>\n\t\t\t\t<a href='https:\/\/www.ambienteyenergia.gob.ec\/ambiente\/mae-napo-capacita-sobre-la-elaboracion-y-la-utilizacion-de-ramos-alternativos-en-el-marco-de-la-campana-tradicion-y-conservacion-van-de-la-mano\/p1070292\/'><img loading=\"lazy\" decoding=\"async\" width=\"150\" height=\"150\" src=\"https:\/\/www.ambienteyenergia.gob.ec\/ambiente\/wp-content\/uploads\/sites\/2\/2014\/04\/P1070292-150x150.jpg\" class=\"attachment-thumbnail size-thumbnail\" alt=\"\" \/><\/a>\n\t\t\t<\/dt><\/dl><dl class='gallery-item'>\n\t\t\t<dt class='gallery-icon landscape'>\n\t\t\t\t<a href='https:\/\/www.ambienteyenergia.gob.ec\/ambiente\/mae-napo-capacita-sobre-la-elaboracion-y-la-utilizacion-de-ramos-alternativos-en-el-marco-de-la-campana-tradicion-y-conservacion-van-de-la-mano\/p1070306\/'><img loading=\"lazy\" decoding=\"async\" width=\"150\" height=\"150\" src=\"https:\/\/www.ambienteyenergia.gob.ec\/ambiente\/wp-content\/uploads\/sites\/2\/2014\/04\/P1070306-150x150.jpg\" class=\"attachment-thumbnail size-thumbnail\" alt=\"\" \/><\/a>\n\t\t\t<\/dt><\/dl><dl class='gallery-item'>\n\t\t\t<dt class='gallery-icon landscape'>\n\t\t\t\t<a href='https:\/\/www.ambienteyenergia.gob.ec\/ambiente\/mae-napo-capacita-sobre-la-elaboracion-y-la-utilizacion-de-ramos-alternativos-en-el-marco-de-la-campana-tradicion-y-conservacion-van-de-la-mano\/p1070309\/'><img loading=\"lazy\" decoding=\"async\" width=\"150\" height=\"150\" src=\"https:\/\/www.ambienteyenergia.gob.ec\/ambiente\/wp-content\/uploads\/sites\/2\/2014\/04\/P1070309-150x150.jpg\" class=\"attachment-thumbnail size-thumbnail\" alt=\"\" \/><\/a>\n\t\t\t<\/dt><\/dl><br style=\"clear: both\" \/><dl class='gallery-item'>\n\t\t\t<dt class='gallery-icon landscape'>\n\t\t\t\t<a href='https:\/\/www.ambienteyenergia.gob.ec\/ambiente\/mae-napo-capacita-sobre-la-elaboracion-y-la-utilizacion-de-ramos-alternativos-en-el-marco-de-la-campana-tradicion-y-conservacion-van-de-la-mano\/p1070327\/'><img loading=\"lazy\" decoding=\"async\" width=\"150\" height=\"150\" src=\"https:\/\/www.ambienteyenergia.gob.ec\/ambiente\/wp-content\/uploads\/sites\/2\/2014\/04\/P1070327-150x150.jpg\" class=\"attachment-thumbnail size-thumbnail\" alt=\"\" \/><\/a>\n\t\t\t<\/dt><\/dl>\n\t\t\t<br style='clear: both' \/>\n\t\t<\/div>\n\n","protected":false},"excerpt":{"rendered":"<p class=\"excerpt\">El Ministerio del Ambiente, a trav\u00e9s de la Direcci\u00f3n Provincial del Ambiente de Napo, con apoyo de la GIZ, al aproximarse la semana mayor, fecha en la que se evidencia el uso y comercializaci\u00f3n de la palma de cera, se encuentra ejecutando la campa\u00f1a \u201cTradici\u00f3n y Conservaci\u00f3n Van de la Mano\u201d por medio de tres talleres para elaboraci\u00f3n de ramos&hellip; <a href=\"https:\/\/www.ambienteyenergia.gob.ec\/ambiente\/mae-napo-capacita-sobre-la-elaboracion-y-la-utilizacion-de-ramos-alternativos-en-el-marco-de-la-campana-tradicion-y-conservacion-van-de-la-mano\/\">Read more &rarr;<\/a><\/p>\n","protected":false},"author":13,"featured_media":19240,"comment_status":"open","ping_status":"open","sticky":false,"template":"","format":"standard","meta":{"footnotes":""},"categories":[16,4],"tags":[],"class_list":["post-19239","post","type-post","status-publish","format-standard","has-post-thumbnail","hentry","category-comunicamos","category-noticias","xfolkentry"],"_links":{"self":[{"href":"https:\/\/www.ambienteyenergia.gob.ec\/ambiente\/wp-json\/wp\/v2\/posts\/19239","targetHints":{"allow":["GET"]}}],"collection":[{"href":"https:\/\/www.ambienteyenergia.gob.ec\/ambiente\/wp-json\/wp\/v2\/posts"}],"about":[{"href":"https:\/\/www.ambienteyenergia.gob.ec\/ambiente\/wp-json\/wp\/v2\/types\/post"}],"author":[{"embeddable":true,"href":"https:\/\/www.ambienteyenergia.gob.ec\/ambiente\/wp-json\/wp\/v2\/users\/13"}],"replies":[{"embeddable":true,"href":"https:\/\/www.ambienteyenergia.gob.ec\/ambiente\/wp-json\/wp\/v2\/comments?post=19239"}],"version-history":[{"count":0,"href":"https:\/\/www.ambienteyenergia.gob.ec\/ambiente\/wp-json\/wp\/v2\/posts\/19239\/revisions"}],"wp:featuredmedia":[{"embeddable":true,"href":"https:\/\/www.ambienteyenergia.gob.ec\/ambiente\/wp-json\/wp\/v2\/media\/19240"}],"wp:attachment":[{"href":"https:\/\/www.ambienteyenergia.gob.ec\/ambiente\/wp-json\/wp\/v2\/media?parent=19239"}],"wp:term":[{"taxonomy":"category","embeddable":true,"href":"https:\/\/www.ambienteyenergia.gob.ec\/ambiente\/wp-json\/wp\/v2\/categories?post=19239"},{"taxonomy":"post_tag","embeddable":true,"href":"https:\/\/www.ambienteyenergia.gob.ec\/ambiente\/wp-json\/wp\/v2\/tags?post=19239"}],"curies":[{"name":"wp","href":"https:\/\/api.w.org\/{rel}","templated":true}]}}