{"id":19236,"date":"2014-04-08T16:13:11","date_gmt":"2014-04-08T21:13:11","guid":{"rendered":"http:\/\/www.ambiente.gob.ec\/?p=19236"},"modified":"2014-04-08T17:53:24","modified_gmt":"2014-04-08T22:53:24","slug":"mae-rescato-a-tigrillo-en-el-canton-vinces-los-rios","status":"publish","type":"post","link":"https:\/\/www.ambienteyenergia.gob.ec\/ambiente\/mae-rescato-a-tigrillo-en-el-canton-vinces-los-rios\/","title":{"rendered":"MAE rescat\u00f3 a tigrillo en el cant\u00f3n Vinces (Los R\u00edos)"},"content":{"rendered":"<p style=\"text-align: justify;\">El Ministerio del Ambiente del Ecuador (MAE), en coordinaci\u00f3n con personal de la Unidad de Protecci\u00f3n del Medio Ambiente (UPMA) de la Polic\u00eda Nacional, rescat\u00f3 a un Tigrillo (<i>Leopardus tigrinus<\/i>) en el recinto Punta del Este del cant\u00f3n Vinces, provincia de Los R\u00edos, luego de una denuncia receptada por el Ecu 911.<\/p>\n<p style=\"text-align: justify;\">Funcionarios del MAE, al conocer el hecho, se movilizaron r\u00e1pidamente al lugar para verificar la presencia del animal. Al felino se lo encontr\u00f3 en las instalaciones de la Unidad de Polic\u00eda Comunitaria ubicada en el Recinto Punta del Este, el mismo que hab\u00eda sido retirado de una Hacienda en la cual podr\u00eda ser capturado u ocasionar alg\u00fan da\u00f1o.<\/p>\n<p style=\"text-align: justify;\">Luego de examinar al esp\u00e9cimen y verificar su condici\u00f3n, fue trasladado al Centro de Rescate \u201cNuestra Fauna\u201d de la Universidad T\u00e9cnica de Manab\u00ed (UTM), donde lo mantendr\u00e1n en observaci\u00f3n y bajo los cuidados adecuados para determinar si es posible reinsertarlo en su h\u00e1bitat natural.<\/p>\n<p style=\"text-align: justify;\">El MAE, como principal organismo ambiental del pa\u00eds, realiza este tipo de actividades para garantizar la preservaci\u00f3n de la biodiversidad.<\/p>\n<p style=\"text-align: justify;\">\n","protected":false},"excerpt":{"rendered":"<p class=\"excerpt\">El Ministerio del Ambiente del Ecuador (MAE), en coordinaci\u00f3n con personal de la Unidad de Protecci\u00f3n del Medio Ambiente (UPMA) de la Polic\u00eda Nacional, rescat\u00f3 a un Tigrillo (Leopardus tigrinus) en el recinto Punta del Este del cant\u00f3n Vinces, provincia de Los R\u00edos, luego de una denuncia receptada por el Ecu 911. Funcionarios del MAE, al conocer el hecho, se&hellip; <a href=\"https:\/\/www.ambienteyenergia.gob.ec\/ambiente\/mae-rescato-a-tigrillo-en-el-canton-vinces-los-rios\/\">Read more &rarr;<\/a><\/p>\n","protected":false},"author":13,"featured_media":19237,"comment_status":"open","ping_status":"open","sticky":false,"template":"","format":"standard","meta":{"footnotes":""},"categories":[16,4],"tags":[],"class_list":["post-19236","post","type-post","status-publish","format-standard","has-post-thumbnail","hentry","category-comunicamos","category-noticias","xfolkentry"],"_links":{"self":[{"href":"https:\/\/www.ambienteyenergia.gob.ec\/ambiente\/wp-json\/wp\/v2\/posts\/19236","targetHints":{"allow":["GET"]}}],"collection":[{"href":"https:\/\/www.ambienteyenergia.gob.ec\/ambiente\/wp-json\/wp\/v2\/posts"}],"about":[{"href":"https:\/\/www.ambienteyenergia.gob.ec\/ambiente\/wp-json\/wp\/v2\/types\/post"}],"author":[{"embeddable":true,"href":"https:\/\/www.ambienteyenergia.gob.ec\/ambiente\/wp-json\/wp\/v2\/users\/13"}],"replies":[{"embeddable":true,"href":"https:\/\/www.ambienteyenergia.gob.ec\/ambiente\/wp-json\/wp\/v2\/comments?post=19236"}],"version-history":[{"count":0,"href":"https:\/\/www.ambienteyenergia.gob.ec\/ambiente\/wp-json\/wp\/v2\/posts\/19236\/revisions"}],"wp:featuredmedia":[{"embeddable":true,"href":"https:\/\/www.ambienteyenergia.gob.ec\/ambiente\/wp-json\/wp\/v2\/media\/19237"}],"wp:attachment":[{"href":"https:\/\/www.ambienteyenergia.gob.ec\/ambiente\/wp-json\/wp\/v2\/media?parent=19236"}],"wp:term":[{"taxonomy":"category","embeddable":true,"href":"https:\/\/www.ambienteyenergia.gob.ec\/ambiente\/wp-json\/wp\/v2\/categories?post=19236"},{"taxonomy":"post_tag","embeddable":true,"href":"https:\/\/www.ambienteyenergia.gob.ec\/ambiente\/wp-json\/wp\/v2\/tags?post=19236"}],"curies":[{"name":"wp","href":"https:\/\/api.w.org\/{rel}","templated":true}]}}