{"id":19219,"date":"2014-04-08T15:38:51","date_gmt":"2014-04-08T20:38:51","guid":{"rendered":"http:\/\/www.ambiente.gob.ec\/?p=19219"},"modified":"2014-04-08T18:59:43","modified_gmt":"2014-04-08T23:59:43","slug":"mae-socializa-campana-tradicion-y-conservacion-van-de-la-mano-en-los-rios","status":"publish","type":"post","link":"https:\/\/www.ambienteyenergia.gob.ec\/ambiente\/mae-socializa-campana-tradicion-y-conservacion-van-de-la-mano-en-los-rios\/","title":{"rendered":"MAE socializa campa\u00f1a \u201cTradici\u00f3n y Conservaci\u00f3n van de la mano\u201d en Los R\u00edos"},"content":{"rendered":"<p style=\"text-align: justify;\">El Ministerio del Ambiente del Ecuador (MAE), a trav\u00e9s de la Direcci\u00f3n Provincial de Los R\u00edos y en coordinaci\u00f3n con voluntarios del Servicio Civil Ciudadano (SCC), realiz\u00f3 la socializaci\u00f3n de la campa\u00f1a \u201cTradici\u00f3n y Conservaci\u00f3n van de la mano\u201d que tiene como principal objetivo sensibilizar a la comunidad cat\u00f3lica y a la sociedad en general, sobre la importancia de conservar la palma de cera, evitando su comercializaci\u00f3n y uso en la celebraci\u00f3n religiosa Domingo de Ramos.<\/p>\n<p style=\"text-align: justify;\">Las jornadas de capacitaci\u00f3n y talleres se ejecutaron en los 13 cantones de la provincia, para lo cual se visit\u00f3 iglesias, centros de expendio y lugares de gran concurrencia, con la finalidad de transmitir el mensaje de preservar la palma de cera y explicar la relaci\u00f3n de esta especie con el Loro Orejiamarillo y Perico Cachetidorado, pues la palma es su h\u00e1bitat, su principal sitio de anidaci\u00f3n y fuente de alimento.<\/p>\n<p style=\"text-align: justify;\">Adem\u00e1s, como parte de las actividades de educaci\u00f3n ambiental se incentiv\u00f3 a la poblaci\u00f3n a utilizar materiales alternativos para la elaboraci\u00f3n de sus ramos en estas fechas. El MAE propone a la ciudadan\u00eda equilibrar las costumbres religiosas con el cuidado ambiental, y fomenta la elaboraci\u00f3n de ramos con diferentes plantas como romero, array\u00e1n, manzanilla, hojas y flores de ma\u00edz, totora, espigas de trigo y cebada, sigse, paja, cipr\u00e9s y laurel, entre otras.<\/p>\n<p style=\"text-align: justify;\">Asimismo, como parte de esta iniciativa el MAE en coordinaci\u00f3n con la Unidad de Protecci\u00f3n de Medio Ambiente de la Polic\u00eda Nacional, realizar\u00e1 operativos constantes para evitar la venta ilegal de artesan\u00edas que hayan sido elaboradas con palma de ramos.<\/p>\n<p style=\"text-align: justify;\">El MAE recuerda a la ciudadan\u00eda que se pueden vivir las fiestas religiosas de una manera m\u00e1s consciente y respetuosa con el ambiente.<\/p>\n<div id='gallery-1' class='gallery galleryid-19219 gallery-columns-3 gallery-size-thumbnail'><dl class='gallery-item'>\n\t\t\t<dt class='gallery-icon landscape'>\n\t\t\t\t<a href='https:\/\/www.ambienteyenergia.gob.ec\/ambiente\/mae-socializa-campana-tradicion-y-conservacion-van-de-la-mano-en-los-rios\/dsc05370\/'><img loading=\"lazy\" decoding=\"async\" width=\"150\" height=\"150\" src=\"https:\/\/www.ambienteyenergia.gob.ec\/ambiente\/wp-content\/uploads\/sites\/2\/2014\/04\/DSC05370-150x150.jpg\" class=\"attachment-thumbnail size-thumbnail\" alt=\"\" \/><\/a>\n\t\t\t<\/dt><\/dl><dl class='gallery-item'>\n\t\t\t<dt class='gallery-icon landscape'>\n\t\t\t\t<a href='https:\/\/www.ambienteyenergia.gob.ec\/ambiente\/mae-socializa-campana-tradicion-y-conservacion-van-de-la-mano-en-los-rios\/dsc05263\/'><img loading=\"lazy\" decoding=\"async\" width=\"150\" height=\"150\" src=\"https:\/\/www.ambienteyenergia.gob.ec\/ambiente\/wp-content\/uploads\/sites\/2\/2014\/04\/DSC05263-150x150.jpg\" class=\"attachment-thumbnail size-thumbnail\" alt=\"\" \/><\/a>\n\t\t\t<\/dt><\/dl><dl class='gallery-item'>\n\t\t\t<dt class='gallery-icon landscape'>\n\t\t\t\t<a href='https:\/\/www.ambienteyenergia.gob.ec\/ambiente\/mae-socializa-campana-tradicion-y-conservacion-van-de-la-mano-en-los-rios\/dsc05241\/'><img loading=\"lazy\" decoding=\"async\" width=\"150\" height=\"150\" src=\"https:\/\/www.ambienteyenergia.gob.ec\/ambiente\/wp-content\/uploads\/sites\/2\/2014\/04\/DSC05241-150x150.jpg\" class=\"attachment-thumbnail size-thumbnail\" alt=\"\" \/><\/a>\n\t\t\t<\/dt><\/dl><br style=\"clear: both\" \/><dl class='gallery-item'>\n\t\t\t<dt class='gallery-icon landscape'>\n\t\t\t\t<a href='https:\/\/www.ambienteyenergia.gob.ec\/ambiente\/mae-socializa-campana-tradicion-y-conservacion-van-de-la-mano-en-los-rios\/dsc05215\/'><img loading=\"lazy\" decoding=\"async\" width=\"150\" height=\"150\" src=\"https:\/\/www.ambienteyenergia.gob.ec\/ambiente\/wp-content\/uploads\/sites\/2\/2014\/04\/DSC05215-150x150.jpg\" class=\"attachment-thumbnail size-thumbnail\" alt=\"\" \/><\/a>\n\t\t\t<\/dt><\/dl>\n\t\t\t<br style='clear: both' \/>\n\t\t<\/div>\n\n","protected":false},"excerpt":{"rendered":"<p class=\"excerpt\">El Ministerio del Ambiente del Ecuador (MAE), a trav\u00e9s de la Direcci\u00f3n Provincial de Los R\u00edos y en coordinaci\u00f3n con voluntarios del Servicio Civil Ciudadano (SCC), realiz\u00f3 la socializaci\u00f3n de la campa\u00f1a \u201cTradici\u00f3n y Conservaci\u00f3n van de la mano\u201d que tiene como principal objetivo sensibilizar a la comunidad cat\u00f3lica y a la sociedad en general, sobre la importancia de conservar&hellip; <a href=\"https:\/\/www.ambienteyenergia.gob.ec\/ambiente\/mae-socializa-campana-tradicion-y-conservacion-van-de-la-mano-en-los-rios\/\">Read more &rarr;<\/a><\/p>\n","protected":false},"author":13,"featured_media":19220,"comment_status":"open","ping_status":"open","sticky":false,"template":"","format":"standard","meta":{"footnotes":""},"categories":[16,4],"tags":[],"class_list":["post-19219","post","type-post","status-publish","format-standard","has-post-thumbnail","hentry","category-comunicamos","category-noticias","xfolkentry"],"_links":{"self":[{"href":"https:\/\/www.ambienteyenergia.gob.ec\/ambiente\/wp-json\/wp\/v2\/posts\/19219","targetHints":{"allow":["GET"]}}],"collection":[{"href":"https:\/\/www.ambienteyenergia.gob.ec\/ambiente\/wp-json\/wp\/v2\/posts"}],"about":[{"href":"https:\/\/www.ambienteyenergia.gob.ec\/ambiente\/wp-json\/wp\/v2\/types\/post"}],"author":[{"embeddable":true,"href":"https:\/\/www.ambienteyenergia.gob.ec\/ambiente\/wp-json\/wp\/v2\/users\/13"}],"replies":[{"embeddable":true,"href":"https:\/\/www.ambienteyenergia.gob.ec\/ambiente\/wp-json\/wp\/v2\/comments?post=19219"}],"version-history":[{"count":0,"href":"https:\/\/www.ambienteyenergia.gob.ec\/ambiente\/wp-json\/wp\/v2\/posts\/19219\/revisions"}],"wp:featuredmedia":[{"embeddable":true,"href":"https:\/\/www.ambienteyenergia.gob.ec\/ambiente\/wp-json\/wp\/v2\/media\/19220"}],"wp:attachment":[{"href":"https:\/\/www.ambienteyenergia.gob.ec\/ambiente\/wp-json\/wp\/v2\/media?parent=19219"}],"wp:term":[{"taxonomy":"category","embeddable":true,"href":"https:\/\/www.ambienteyenergia.gob.ec\/ambiente\/wp-json\/wp\/v2\/categories?post=19219"},{"taxonomy":"post_tag","embeddable":true,"href":"https:\/\/www.ambienteyenergia.gob.ec\/ambiente\/wp-json\/wp\/v2\/tags?post=19219"}],"curies":[{"name":"wp","href":"https:\/\/api.w.org\/{rel}","templated":true}]}}