{"id":19216,"date":"2014-04-08T15:32:51","date_gmt":"2014-04-08T20:32:51","guid":{"rendered":"http:\/\/www.ambiente.gob.ec\/?p=19216"},"modified":"2014-04-08T15:32:51","modified_gmt":"2014-04-08T20:32:51","slug":"3-000-especies-de-palma-de-cera-fueron-decomisadas-en-azuay","status":"publish","type":"post","link":"https:\/\/www.ambienteyenergia.gob.ec\/ambiente\/3-000-especies-de-palma-de-cera-fueron-decomisadas-en-azuay\/","title":{"rendered":"3 000 especies de palma de cera fueron decomisadas en Azuay"},"content":{"rendered":"<p style=\"text-align: justify;\">En el marco de la campa\u00f1a &#8216;Tradici\u00f3n y conservaci\u00f3n\u00a0 van de la mano&#8217;, el Ministerio del Ambiente del Ecuador (MAE), en coordinaci\u00f3n con la Unidad de Protecci\u00f3n del Medio Ambiente (UPMA), realiza m\u00faltiples operativos de control en la provincia de Azuay, con el objetivo de evitar el tr\u00e1fico ilegal de la palma de cera, especie que es utilizada para la celebraci\u00f3n religiosa de Domingo de Ramos.<\/p>\n<p style=\"text-align: justify;\">Si bien, el MAE se preocupa por impartir capacitaciones y talleres promoviendo el uso sostenible de la palma de cera, tambi\u00e9n ejecuta operativos para que la poblaci\u00f3n no comercialice con esta especie y as\u00ed, hacer cumplir lo establecido en la normativa ambiental vigente.<\/p>\n<p style=\"text-align: justify;\">Como parte de ello, la Direcci\u00f3n Provincial del Ambiente del Azuay conjuntamente con la Comisi\u00f3n de Gesti\u00f3n Ambiental del Municipio de Cuenca, decomis\u00f3 2 500 palmas de ramos que se encontraban en una bodega de la ciudad de Cuenca, \u00a0previo a su distribuci\u00f3n. Asimismo, en la parroquia Molleturo se incautaron 500, es decir, un total de 3 000 especies fueron retiradas del mercado.<\/p>\n<p style=\"text-align: justify;\">De la misma forma, el MAE desarroll\u00f3 jornadas de educaci\u00f3n ambiental, en las que se capacitaron especialmente a estudiantes sobre la importancia de conservar la palma de cera, pues se explic\u00f3 que \u00e9stas plantas son el hogar de especies de aves como el Loro Orejiamarillo y el perico cachetidorado, los cuales se encuentran en peligro de extinci\u00f3n.<\/p>\n<p style=\"text-align: justify;\">En los \u00faltimos cinco a\u00f1os, a trav\u00e9s de esta campa\u00f1a impulsada por el MAE junto con la Polic\u00eda Nacional, ha disminuido notablemente la demanda de artesan\u00edas realizadas con palma de cera, esto gracias a los continuos operativos de control.<\/p>\n","protected":false},"excerpt":{"rendered":"<p class=\"excerpt\">En el marco de la campa\u00f1a &#8216;Tradici\u00f3n y conservaci\u00f3n\u00a0 van de la mano&#8217;, el Ministerio del Ambiente del Ecuador (MAE), en coordinaci\u00f3n con la Unidad de Protecci\u00f3n del Medio Ambiente (UPMA), realiza m\u00faltiples operativos de control en la provincia de Azuay, con el objetivo de evitar el tr\u00e1fico ilegal de la palma de cera, especie que es utilizada para la&hellip; <a href=\"https:\/\/www.ambienteyenergia.gob.ec\/ambiente\/3-000-especies-de-palma-de-cera-fueron-decomisadas-en-azuay\/\">Read more &rarr;<\/a><\/p>\n","protected":false},"author":13,"featured_media":19217,"comment_status":"open","ping_status":"open","sticky":false,"template":"","format":"standard","meta":{"footnotes":""},"categories":[16,4],"tags":[],"class_list":["post-19216","post","type-post","status-publish","format-standard","has-post-thumbnail","hentry","category-comunicamos","category-noticias","xfolkentry"],"_links":{"self":[{"href":"https:\/\/www.ambienteyenergia.gob.ec\/ambiente\/wp-json\/wp\/v2\/posts\/19216","targetHints":{"allow":["GET"]}}],"collection":[{"href":"https:\/\/www.ambienteyenergia.gob.ec\/ambiente\/wp-json\/wp\/v2\/posts"}],"about":[{"href":"https:\/\/www.ambienteyenergia.gob.ec\/ambiente\/wp-json\/wp\/v2\/types\/post"}],"author":[{"embeddable":true,"href":"https:\/\/www.ambienteyenergia.gob.ec\/ambiente\/wp-json\/wp\/v2\/users\/13"}],"replies":[{"embeddable":true,"href":"https:\/\/www.ambienteyenergia.gob.ec\/ambiente\/wp-json\/wp\/v2\/comments?post=19216"}],"version-history":[{"count":0,"href":"https:\/\/www.ambienteyenergia.gob.ec\/ambiente\/wp-json\/wp\/v2\/posts\/19216\/revisions"}],"wp:featuredmedia":[{"embeddable":true,"href":"https:\/\/www.ambienteyenergia.gob.ec\/ambiente\/wp-json\/wp\/v2\/media\/19217"}],"wp:attachment":[{"href":"https:\/\/www.ambienteyenergia.gob.ec\/ambiente\/wp-json\/wp\/v2\/media?parent=19216"}],"wp:term":[{"taxonomy":"category","embeddable":true,"href":"https:\/\/www.ambienteyenergia.gob.ec\/ambiente\/wp-json\/wp\/v2\/categories?post=19216"},{"taxonomy":"post_tag","embeddable":true,"href":"https:\/\/www.ambienteyenergia.gob.ec\/ambiente\/wp-json\/wp\/v2\/tags?post=19216"}],"curies":[{"name":"wp","href":"https:\/\/api.w.org\/{rel}","templated":true}]}}