{"id":19179,"date":"2014-04-08T09:26:53","date_gmt":"2014-04-08T14:26:53","guid":{"rendered":"http:\/\/www.ambiente.gob.ec\/?p=19179"},"modified":"2014-04-08T10:05:27","modified_gmt":"2014-04-08T15:05:27","slug":"continua-debate-sobre-distribucion-de-beneficios-para-redd-en-ecuador","status":"publish","type":"post","link":"https:\/\/www.ambienteyenergia.gob.ec\/ambiente\/continua-debate-sobre-distribucion-de-beneficios-para-redd-en-ecuador\/","title":{"rendered":"Contin\u00faa debate sobre Distribuci\u00f3n de Beneficios para REDD+ en Ecuador"},"content":{"rendered":"<p style=\"text-align: justify;\">Ministerio del Ambiente (MAE), a trav\u00e9s de la Subsecretar\u00eda de Cambio Clim\u00e1tico y con el apoyo t\u00e9cnico del Programa Nacional Conjunto ONU-REDD Ecuador, realiz\u00f3 en Quito la Tercera Reuni\u00f3n del Grupo de Trabajo sobre Distribuci\u00f3n de Beneficios Horizontal para REDD+ el pasado 4 de abril.<\/p>\n<p style=\"text-align: justify;\">Este encuentro forma parte de un conjunto de cuatro talleres que tiene planificado esta Cartera de Estado con el apoyo de ONU-REDD Ecuador y que aportar\u00e1n en el desarrollo de insumos t\u00e9cnicos para la elaboraci\u00f3n de una propuesta de normativa enfocada a la distribuci\u00f3n de beneficios para REDD+ en Ecuador.<\/p>\n<p style=\"text-align: justify;\">Este espacio esta integrado por profesionales con experiencia en gesti\u00f3n comunitaria y asignaci\u00f3n de recursos para la implementaci\u00f3n de actividades de manejo sostenible y conservaci\u00f3n, dise\u00f1o de estrategias de financiamiento para comunidades y dise\u00f1o de sistemas de incentivos.<\/p>\n<p style=\"text-align: justify;\">Entre las organizaciones que participaron en este encuentro se puede mencionar a la Coordinadora de las organizaciones ind\u00edgenas de la cuenca amaz\u00f3nica (COICA), Nacionalidad Achuar del\u00a0 Ecuador (NAE), Hivos, Programa Face de Forestaci\u00f3n del Ecuador S.A. (Profafor), Centro de Planificaci\u00f3n y Estudios Sociales\u00a0\u00a0 (Ceplaes), The Nature Conservancy (TNC), y varios t\u00e9cnicos del Programa Nacional Conjunto ONU-REDD.<\/p>\n<p style=\"text-align: justify;\">Para mayor informaci\u00f3n, pueden comunicarse con Mar\u00eda del Carmen Garc\u00eda (maria.garcia@ambiente.gob.ec) \u00f3 Ariel Silva Programa ONU-REDD (asilva@pnc-onureddecuador.org)<\/p>\n","protected":false},"excerpt":{"rendered":"<p class=\"excerpt\">Ministerio del Ambiente (MAE), a trav\u00e9s de la Subsecretar\u00eda de Cambio Clim\u00e1tico y con el apoyo t\u00e9cnico del Programa Nacional Conjunto ONU-REDD Ecuador, realiz\u00f3 en Quito la Tercera Reuni\u00f3n del Grupo de Trabajo sobre Distribuci\u00f3n de Beneficios Horizontal para REDD+ el pasado 4 de abril. Este encuentro forma parte de un conjunto de cuatro talleres que tiene planificado esta Cartera&hellip; <a href=\"https:\/\/www.ambienteyenergia.gob.ec\/ambiente\/continua-debate-sobre-distribucion-de-beneficios-para-redd-en-ecuador\/\">Read more &rarr;<\/a><\/p>\n","protected":false},"author":13,"featured_media":19180,"comment_status":"open","ping_status":"open","sticky":false,"template":"","format":"standard","meta":{"footnotes":""},"categories":[16,4],"tags":[445,108,53,354],"class_list":["post-19179","post","type-post","status-publish","format-standard","has-post-thumbnail","hentry","category-comunicamos","category-noticias","tag-cambio-climatio","tag-lorena-tapia","tag-mae","tag-redd","xfolkentry"],"_links":{"self":[{"href":"https:\/\/www.ambienteyenergia.gob.ec\/ambiente\/wp-json\/wp\/v2\/posts\/19179","targetHints":{"allow":["GET"]}}],"collection":[{"href":"https:\/\/www.ambienteyenergia.gob.ec\/ambiente\/wp-json\/wp\/v2\/posts"}],"about":[{"href":"https:\/\/www.ambienteyenergia.gob.ec\/ambiente\/wp-json\/wp\/v2\/types\/post"}],"author":[{"embeddable":true,"href":"https:\/\/www.ambienteyenergia.gob.ec\/ambiente\/wp-json\/wp\/v2\/users\/13"}],"replies":[{"embeddable":true,"href":"https:\/\/www.ambienteyenergia.gob.ec\/ambiente\/wp-json\/wp\/v2\/comments?post=19179"}],"version-history":[{"count":0,"href":"https:\/\/www.ambienteyenergia.gob.ec\/ambiente\/wp-json\/wp\/v2\/posts\/19179\/revisions"}],"wp:featuredmedia":[{"embeddable":true,"href":"https:\/\/www.ambienteyenergia.gob.ec\/ambiente\/wp-json\/wp\/v2\/media\/19180"}],"wp:attachment":[{"href":"https:\/\/www.ambienteyenergia.gob.ec\/ambiente\/wp-json\/wp\/v2\/media?parent=19179"}],"wp:term":[{"taxonomy":"category","embeddable":true,"href":"https:\/\/www.ambienteyenergia.gob.ec\/ambiente\/wp-json\/wp\/v2\/categories?post=19179"},{"taxonomy":"post_tag","embeddable":true,"href":"https:\/\/www.ambienteyenergia.gob.ec\/ambiente\/wp-json\/wp\/v2\/tags?post=19179"}],"curies":[{"name":"wp","href":"https:\/\/api.w.org\/{rel}","templated":true}]}}