{"id":19176,"date":"2014-04-08T09:16:39","date_gmt":"2014-04-08T14:16:39","guid":{"rendered":"http:\/\/www.ambiente.gob.ec\/?p=19176"},"modified":"2014-04-08T16:41:02","modified_gmt":"2014-04-08T21:41:02","slug":"mae-iniciara-dialogos-sobre-estrategia-nacional-de-biodiversidad","status":"publish","type":"post","link":"https:\/\/www.ambienteyenergia.gob.ec\/ambiente\/mae-iniciara-dialogos-sobre-estrategia-nacional-de-biodiversidad\/","title":{"rendered":"MAE iniciar\u00e1 di\u00e1logos sobre Estrategia Nacional de Biodiversidad"},"content":{"rendered":"<p style=\"text-align: justify;\">En el marco de la actualizaci\u00f3n de la Estrategia Nacional de Biodiversidad y su Plan de Acci\u00f3n para el per\u00edodo 2014-2020, el Ministerio del Ambiente del Ecuador (MAE), a trav\u00e9s de la Subsecretar\u00eda de Patrimonio Natural, realizar\u00e1 a partir de este mes un ciclo de encuentros de dial\u00f3go con actores relevantes del sector p\u00fablico y de la sociedad civil.<\/p>\n<p style=\"text-align: justify;\">El objetivo de los talleres consiste en articular las prioridades de intervenci\u00f3n territorial acorde a las agendas zonales de planificaci\u00f3n de esta Cartera de Estado.<\/p>\n<p style=\"text-align: justify;\">Cabe se\u00f1alar, que la Estrategia Nacional de Biodiversidad y su Plan de Acci\u00f3n para el per\u00edodo 2014-2020, integra las obligaciones del pa\u00eds frente al Convenio sobre la Diversidad Biol\u00f3gica, las Metas de Aichi, la planificaci\u00f3n nacional y pol\u00edticas p\u00fablicas del Gobierno Nacional.<\/p>\n<p style=\"text-align: justify;\">La actualizaci\u00f3n de la Estrategia Nacional de Biodiversidad es impulsada por un comit\u00e9 directivo que lo integran adem\u00e1s del MAE, la Secretar\u00eda Nacional de Planificaci\u00f3n y Desarrollo (SENPLADES), el Ministerio Coordinador de Sectores Estrat\u00e9gicos (MICSE), el Ministerio Coordinador de Conocimiento y Talento Humano (MCCTH) y el Ministerio de Finanzas, con el apoyo del Programa de las Naciones Unidas para el Desarrollo (PNUD) como agencia implementadora del Fondo para el Medio Ambiente Mundial (Global Environment Found, GEF).<\/p>\n<p style=\"text-align: justify;\">Luego de la concreci\u00f3n del nuevo Plan Nacional del Buen Vivir, en septiembre de 2013, esta Cartera de Estado inici\u00f3 la elaboraci\u00f3n de la nueva Estrategia Nacional de Biodiversidad para los a\u00f1os desde el 2014 al 2030, coincidiendo as\u00ed con el horizonte temporal establecido en el Estado ecuatoriano para concretar el nuevo modo de acumulaci\u00f3n, distribuci\u00f3n y redistribuci\u00f3n de la riqueza de las y los ecuatorianos.<\/p>\n<p style=\"text-align: justify;\"><strong>El dato<\/strong><\/p>\n<p style=\"text-align: justify;\">El Ecuador suscribi\u00f3 el Convenio sobre la Diversidad Biol\u00f3gica (CDB) el 18 de enero de 1993 y lo ratific\u00f3 el 16 de marzo del mismo a\u00f1o.<\/p>\n<p style=\"text-align: justify;\">El MAE, en cumplimiento de los compromisos del Estado frente al CDB, elabor\u00f3 en el a\u00f1o 2001 la Pol\u00edtica y Estrategia Nacional de Biodiversidad para el per\u00edodo 2001-2010. Una vez finalizado este per\u00edodo, el MAE realiz\u00f3 la evaluaci\u00f3n de este primer esfuerzo del pa\u00eds.<\/p>\n<p style=\"text-align: justify;\"><a href=\"http:\/\/www.ambienteyenergia.gob.ec\/ambiente\/wp-content\/uploads\/2014\/04\/Screen-Shot-2014-04-08-at-16.39.10.png\"><img loading=\"lazy\" decoding=\"async\" class=\"aligncenter size-full wp-image-19258\" alt=\"Biodiversidad\" src=\"http:\/\/www.ambienteyenergia.gob.ec\/ambiente\/wp-content\/uploads\/2014\/04\/Screen-Shot-2014-04-08-at-16.39.10.png\" width=\"698\" height=\"458\" srcset=\"https:\/\/www.ambienteyenergia.gob.ec\/ambiente\/wp-content\/uploads\/sites\/2\/2014\/04\/Screen-Shot-2014-04-08-at-16.39.10.png 698w, https:\/\/www.ambienteyenergia.gob.ec\/ambiente\/wp-content\/uploads\/sites\/2\/2014\/04\/Screen-Shot-2014-04-08-at-16.39.10-300x196.png 300w, https:\/\/www.ambienteyenergia.gob.ec\/ambiente\/wp-content\/uploads\/sites\/2\/2014\/04\/Screen-Shot-2014-04-08-at-16.39.10-457x300.png 457w\" sizes=\"auto, (max-width: 698px) 100vw, 698px\" \/><\/a><\/p>\n","protected":false},"excerpt":{"rendered":"<p class=\"excerpt\">En el marco de la actualizaci\u00f3n de la Estrategia Nacional de Biodiversidad y su Plan de Acci\u00f3n para el per\u00edodo 2014-2020, el Ministerio del Ambiente del Ecuador (MAE), a trav\u00e9s de la Subsecretar\u00eda de Patrimonio Natural, realizar\u00e1 a partir de este mes un ciclo de encuentros de dial\u00f3go con actores relevantes del sector p\u00fablico y de la sociedad civil. El&hellip; <a href=\"https:\/\/www.ambienteyenergia.gob.ec\/ambiente\/mae-iniciara-dialogos-sobre-estrategia-nacional-de-biodiversidad\/\">Read more &rarr;<\/a><\/p>\n","protected":false},"author":13,"featured_media":18986,"comment_status":"open","ping_status":"open","sticky":false,"template":"","format":"standard","meta":{"footnotes":""},"categories":[16,4],"tags":[403,108,53,444],"class_list":["post-19176","post","type-post","status-publish","format-standard","has-post-thumbnail","hentry","category-comunicamos","category-noticias","tag-biodiversidad","tag-lorena-tapia","tag-mae","tag-subsecretaria-de-patrimonio-natural","xfolkentry"],"_links":{"self":[{"href":"https:\/\/www.ambienteyenergia.gob.ec\/ambiente\/wp-json\/wp\/v2\/posts\/19176","targetHints":{"allow":["GET"]}}],"collection":[{"href":"https:\/\/www.ambienteyenergia.gob.ec\/ambiente\/wp-json\/wp\/v2\/posts"}],"about":[{"href":"https:\/\/www.ambienteyenergia.gob.ec\/ambiente\/wp-json\/wp\/v2\/types\/post"}],"author":[{"embeddable":true,"href":"https:\/\/www.ambienteyenergia.gob.ec\/ambiente\/wp-json\/wp\/v2\/users\/13"}],"replies":[{"embeddable":true,"href":"https:\/\/www.ambienteyenergia.gob.ec\/ambiente\/wp-json\/wp\/v2\/comments?post=19176"}],"version-history":[{"count":0,"href":"https:\/\/www.ambienteyenergia.gob.ec\/ambiente\/wp-json\/wp\/v2\/posts\/19176\/revisions"}],"wp:featuredmedia":[{"embeddable":true,"href":"https:\/\/www.ambienteyenergia.gob.ec\/ambiente\/wp-json\/wp\/v2\/media\/18986"}],"wp:attachment":[{"href":"https:\/\/www.ambienteyenergia.gob.ec\/ambiente\/wp-json\/wp\/v2\/media?parent=19176"}],"wp:term":[{"taxonomy":"category","embeddable":true,"href":"https:\/\/www.ambienteyenergia.gob.ec\/ambiente\/wp-json\/wp\/v2\/categories?post=19176"},{"taxonomy":"post_tag","embeddable":true,"href":"https:\/\/www.ambienteyenergia.gob.ec\/ambiente\/wp-json\/wp\/v2\/tags?post=19176"}],"curies":[{"name":"wp","href":"https:\/\/api.w.org\/{rel}","templated":true}]}}