{"id":19173,"date":"2014-04-08T09:12:27","date_gmt":"2014-04-08T14:12:27","guid":{"rendered":"http:\/\/www.ambiente.gob.ec\/?p=19173"},"modified":"2014-04-08T09:12:27","modified_gmt":"2014-04-08T14:12:27","slug":"mae-en-feria-mi-entorno-mis-acciones-mi-salud","status":"publish","type":"post","link":"https:\/\/www.ambienteyenergia.gob.ec\/ambiente\/mae-en-feria-mi-entorno-mis-acciones-mi-salud\/","title":{"rendered":"MAE en feria &#8216;Mi entorno, mis acciones, mi salud&#8217;"},"content":{"rendered":"<p style=\"text-align: justify;\">En el marco de la celebraci\u00f3n del D\u00eda Mundial de la Salud, el Ministerio del Ambiente (MAE) form\u00f3 parte de la Feria &#8216;Mi entorno, mis acciones, mi salud&#8217;, organizada por el Ministerio de Salud en la explanada de Ferrocarriles del Ecuador en la ciudad de Dur\u00e1n este lunes 7 de abril.<\/p>\n<p style=\"text-align: justify;\">MAE particip\u00f3 con educadores ambientales de la Subsecretar\u00eda de Gesti\u00f3n Marina y Costera y de la Direcci\u00f3n Provincial del Ambiente del Guayas, los mismo que brindaron informaci\u00f3n y souvenirs a los asistentes, quienes se sumaron a la iniciativa de realizar buenas pr\u00e1cticas ambientales en beneficio de todos.<\/p>\n<p style=\"text-align: justify;\">Muchos de los j\u00f3venes asistentes participaron activamente en actividades sobre buen manejo de desechos s\u00f3lidos para la protecci\u00f3n y conservaci\u00f3n del medio ambiente.<\/p>\n<p style=\"text-align: justify;\">La recuperaci\u00f3n del Estero Salado fue el tema central de la charla informativa por parte de los t\u00e9cnicos, quienes orientaron a los asistentes sobre el peligro que representa, para la salud de los guayaquile\u00f1os, la contaminaci\u00f3n de este importante brazo de mar.<\/p>\n","protected":false},"excerpt":{"rendered":"<p class=\"excerpt\">En el marco de la celebraci\u00f3n del D\u00eda Mundial de la Salud, el Ministerio del Ambiente (MAE) form\u00f3 parte de la Feria &#8216;Mi entorno, mis acciones, mi salud&#8217;, organizada por el Ministerio de Salud en la explanada de Ferrocarriles del Ecuador en la ciudad de Dur\u00e1n este lunes 7 de abril. MAE particip\u00f3 con educadores ambientales de la Subsecretar\u00eda de&hellip; <a href=\"https:\/\/www.ambienteyenergia.gob.ec\/ambiente\/mae-en-feria-mi-entorno-mis-acciones-mi-salud\/\">Read more &rarr;<\/a><\/p>\n","protected":false},"author":13,"featured_media":19174,"comment_status":"open","ping_status":"open","sticky":false,"template":"","format":"standard","meta":{"footnotes":""},"categories":[16,4],"tags":[443,76,108,53],"class_list":["post-19173","post","type-post","status-publish","format-standard","has-post-thumbnail","hentry","category-comunicamos","category-noticias","tag-dia-mundial-de-la-salud","tag-estero-salado","tag-lorena-tapia","tag-mae","xfolkentry"],"_links":{"self":[{"href":"https:\/\/www.ambienteyenergia.gob.ec\/ambiente\/wp-json\/wp\/v2\/posts\/19173","targetHints":{"allow":["GET"]}}],"collection":[{"href":"https:\/\/www.ambienteyenergia.gob.ec\/ambiente\/wp-json\/wp\/v2\/posts"}],"about":[{"href":"https:\/\/www.ambienteyenergia.gob.ec\/ambiente\/wp-json\/wp\/v2\/types\/post"}],"author":[{"embeddable":true,"href":"https:\/\/www.ambienteyenergia.gob.ec\/ambiente\/wp-json\/wp\/v2\/users\/13"}],"replies":[{"embeddable":true,"href":"https:\/\/www.ambienteyenergia.gob.ec\/ambiente\/wp-json\/wp\/v2\/comments?post=19173"}],"version-history":[{"count":0,"href":"https:\/\/www.ambienteyenergia.gob.ec\/ambiente\/wp-json\/wp\/v2\/posts\/19173\/revisions"}],"wp:featuredmedia":[{"embeddable":true,"href":"https:\/\/www.ambienteyenergia.gob.ec\/ambiente\/wp-json\/wp\/v2\/media\/19174"}],"wp:attachment":[{"href":"https:\/\/www.ambienteyenergia.gob.ec\/ambiente\/wp-json\/wp\/v2\/media?parent=19173"}],"wp:term":[{"taxonomy":"category","embeddable":true,"href":"https:\/\/www.ambienteyenergia.gob.ec\/ambiente\/wp-json\/wp\/v2\/categories?post=19173"},{"taxonomy":"post_tag","embeddable":true,"href":"https:\/\/www.ambienteyenergia.gob.ec\/ambiente\/wp-json\/wp\/v2\/tags?post=19173"}],"curies":[{"name":"wp","href":"https:\/\/api.w.org\/{rel}","templated":true}]}}