{"id":19169,"date":"2014-04-07T21:07:35","date_gmt":"2014-04-08T02:07:35","guid":{"rendered":"http:\/\/www.ambiente.gob.ec\/?p=19169"},"modified":"2014-04-07T21:07:35","modified_gmt":"2014-04-08T02:07:35","slug":"mae-realizo-una-jornada-de-limpieza-en-las-playas-del-rio-upano-en-morona-santiago","status":"publish","type":"post","link":"https:\/\/www.ambienteyenergia.gob.ec\/ambiente\/mae-realizo-una-jornada-de-limpieza-en-las-playas-del-rio-upano-en-morona-santiago\/","title":{"rendered":"MAE realiz\u00f3 una jornada de limpieza en las playas del r\u00edo Upano en Morona Santiago"},"content":{"rendered":"<p style=\"text-align: justify;\">El Ministerio del Ambiente del Ecuador (MAE), a trav\u00e9s del Parque Nacional Sangay y en coordinaci\u00f3n con voluntarios del Servicio Civil Ciudadano, desarrolla constantemente actividades de capacitaci\u00f3n en diferentes instituciones educativas de la provincia de Morona Santiago, con la finalidad de elevar la conciencia ambiental tanto en los participantes como en la ciudadan\u00eda.<\/p>\n<p style=\"text-align: justify;\">Como parte de este proceso de educaci\u00f3n ambiental, t\u00e9cnicos de la Direcci\u00f3n Provincial del Ambiente de Morona Santiago y 33 estudiantes de la Unidad Educativa Particular Emanuel, que forman parte del programa \u201cCampo de Acci\u00f3n\u00bb, organizaron una jornada de limpieza en las playas del r\u00edo Upano, ubicado en la ciudad de Macas, con el prop\u00f3sito de sensibilizar a la poblaci\u00f3n sobre la importancia de no arrojar basura en este espacio que alberga una gran variedad de especies de flora y fauna.<\/p>\n<p style=\"text-align: justify;\">El resultado de esta iniciativa fue la recolecci\u00f3n de seis quintales de residuos, los cuales fueron depositados en el relleno sanitario del Gobierno Municipal de Morona Santiago para su destino final. Dentro de la basura recogida se encontraron varias botellas de vidrio y envases de comida, entre otros.<\/p>\n<p style=\"text-align: justify;\">El MAE como principal autoridad ambiental ejecuta este tipo de iniciativas con el objetivo de involucrar a la ciudadan\u00eda en los procesos de protecci\u00f3n ambiental e incentivarlos a cuidar estos espacios naturales que son de todos.<\/p>\n<p style=\"text-align: justify;\"><a href=\"http:\/\/www.ambienteyenergia.gob.ec\/ambiente\/wp-content\/uploads\/2014\/04\/Limpieza-rio-Upano1.jpg\"><img loading=\"lazy\" decoding=\"async\" class=\"aligncenter size-full wp-image-19170\" alt=\"Limpieza rio Upano1\" src=\"http:\/\/www.ambienteyenergia.gob.ec\/ambiente\/wp-content\/uploads\/2014\/04\/Limpieza-rio-Upano1.jpg\" width=\"300\" height=\"211\" \/><\/a><\/p>\n","protected":false},"excerpt":{"rendered":"<p class=\"excerpt\">El Ministerio del Ambiente del Ecuador (MAE), a trav\u00e9s del Parque Nacional Sangay y en coordinaci\u00f3n con voluntarios del Servicio Civil Ciudadano, desarrolla constantemente actividades de capacitaci\u00f3n en diferentes instituciones educativas de la provincia de Morona Santiago, con la finalidad de elevar la conciencia ambiental tanto en los participantes como en la ciudadan\u00eda. Como parte de este proceso de educaci\u00f3n&hellip; <a href=\"https:\/\/www.ambienteyenergia.gob.ec\/ambiente\/mae-realizo-una-jornada-de-limpieza-en-las-playas-del-rio-upano-en-morona-santiago\/\">Read more &rarr;<\/a><\/p>\n","protected":false},"author":13,"featured_media":19171,"comment_status":"open","ping_status":"open","sticky":false,"template":"","format":"standard","meta":{"footnotes":""},"categories":[16,4],"tags":[442,387,441,440],"class_list":["post-19169","post","type-post","status-publish","format-standard","has-post-thumbnail","hentry","category-comunicamos","category-noticias","tag-limpieza","tag-mae-lorena-tapia","tag-morona-santiago","tag-rio-upano","xfolkentry"],"_links":{"self":[{"href":"https:\/\/www.ambienteyenergia.gob.ec\/ambiente\/wp-json\/wp\/v2\/posts\/19169","targetHints":{"allow":["GET"]}}],"collection":[{"href":"https:\/\/www.ambienteyenergia.gob.ec\/ambiente\/wp-json\/wp\/v2\/posts"}],"about":[{"href":"https:\/\/www.ambienteyenergia.gob.ec\/ambiente\/wp-json\/wp\/v2\/types\/post"}],"author":[{"embeddable":true,"href":"https:\/\/www.ambienteyenergia.gob.ec\/ambiente\/wp-json\/wp\/v2\/users\/13"}],"replies":[{"embeddable":true,"href":"https:\/\/www.ambienteyenergia.gob.ec\/ambiente\/wp-json\/wp\/v2\/comments?post=19169"}],"version-history":[{"count":0,"href":"https:\/\/www.ambienteyenergia.gob.ec\/ambiente\/wp-json\/wp\/v2\/posts\/19169\/revisions"}],"wp:featuredmedia":[{"embeddable":true,"href":"https:\/\/www.ambienteyenergia.gob.ec\/ambiente\/wp-json\/wp\/v2\/media\/19171"}],"wp:attachment":[{"href":"https:\/\/www.ambienteyenergia.gob.ec\/ambiente\/wp-json\/wp\/v2\/media?parent=19169"}],"wp:term":[{"taxonomy":"category","embeddable":true,"href":"https:\/\/www.ambienteyenergia.gob.ec\/ambiente\/wp-json\/wp\/v2\/categories?post=19169"},{"taxonomy":"post_tag","embeddable":true,"href":"https:\/\/www.ambienteyenergia.gob.ec\/ambiente\/wp-json\/wp\/v2\/tags?post=19169"}],"curies":[{"name":"wp","href":"https:\/\/api.w.org\/{rel}","templated":true}]}}